{"id":375972,"date":"2025-02-24T16:42:00","date_gmt":"2025-02-24T20:42:00","guid":{"rendered":"https:\/\/demo.content.carib-export.com\/caribbean-export-and-martinique-explore-new-trade-opportunities-post-caricom-accession\/"},"modified":"2025-03-02T08:02:29","modified_gmt":"2025-03-02T12:02:29","slug":"caribbean-export-and-martinique-explore-new-trade-opportunities-post-caricom-accession","status":"publish","type":"post","link":"https:\/\/content.carib-export.com\/fr\/blog\/caribbean-export-and-martinique-explore-new-trade-opportunities-post-caricom-accession\/","title":{"rendered":"Caribbean Export et la Martinique explorent de nouvelles opportunit\u00e9s commerciales apr\u00e8s l&rsquo;adh\u00e9sion au CARICOM"},"content":{"rendered":"<div id=\"bsf_rt_marker\"><\/div>\n<p>Le vendredi 21 f\u00e9vrier 2025, l&rsquo;honorable Serge Letchimy, pr\u00e9sident du Conseil ex\u00e9cutif de la Martinique, a visit\u00e9 l&rsquo;Agence de d\u00e9veloppement des exportations des Cara\u00efbes \u00e0 la Barbade. Cette visite a co\u00efncid\u00e9 avec la signature par la Martinique d&rsquo;un accord d&rsquo;adh\u00e9sion pour devenir un membre associ\u00e9 de la Communaut\u00e9 des Cara\u00efbes (CARICOM) lors de la 48e r\u00e9union r\u00e9guli\u00e8re de la Conf\u00e9rence des chefs de gouvernement de la CARICOM. <\/p>\n\n<p>Au cours des discussions qui ont eu lieu \u00e0 Caribbean Export, le pr\u00e9sident Letchimy a pr\u00e9sent\u00e9 un cadre global visant \u00e0 renforcer l&rsquo;int\u00e9gration de la Martinique dans le march\u00e9 carib\u00e9en. Il a soulign\u00e9 la double identit\u00e9 de la Martinique, \u00e0 la fois europ\u00e9enne et carib\u00e9enne, ainsi que la position strat\u00e9gique de l&rsquo;\u00eele en tant que pont entre l&rsquo;Union europ\u00e9enne et les \u00c9tats membres de la CARICOM. <\/p>\n\n<p>L&rsquo;exploration des relations entre les pays d&rsquo;Afrique, des Cara\u00efbes et du Pacifique (ACP) et les r\u00e9gions ultrap\u00e9riph\u00e9riques de l&rsquo;Union europ\u00e9enne a constitu\u00e9 l&rsquo;un des points centraux de la r\u00e9union. Le pr\u00e9sident Letchimy a propos\u00e9 l&rsquo;\u00e9laboration de normes fiscales et la r\u00e9duction des barri\u00e8res commerciales, y compris l&rsquo;\u00e9limination des droits de douane, afin de faciliter la libre circulation des marchandises. Il a \u00e9galement plaid\u00e9 en faveur d&rsquo;une programmation conjointe des fonds et de l&rsquo;am\u00e9lioration de la connectivit\u00e9 logistique, num\u00e9rique, a\u00e9rienne et maritime afin de soutenir le commerce r\u00e9gional.  <\/p>\n\n<p>Historiquement, l&rsquo;aide au fret \u00e9tait principalement allou\u00e9e aux mati\u00e8res premi\u00e8res import\u00e9es d&rsquo;Europe. Le pr\u00e9sident Letchimy a sugg\u00e9r\u00e9 de revoir cette approche afin d&rsquo;\u00e9tendre les avantages au commerce r\u00e9gional, r\u00e9duisant ainsi les co\u00fbts pour les entrepreneurs des Cara\u00efbes. Il a soulign\u00e9 l&rsquo;importance de la collaboration avec le CARIFORUM pour harmoniser les efforts, consid\u00e9rant l&rsquo;adh\u00e9sion de la Martinique au CARICOM comme une \u00e9tape cruciale pour l\u00e9gitimer les n\u00e9gociations directes et favoriser les accords commerciaux ind\u00e9pendants.  <\/p>\n\n<p>Le pr\u00e9sident a soulign\u00e9 que les programmes existants, tels que l&rsquo;Initiative martiniquaise et D\u00e9veloppement Martinique, constituaient des plates-formes potentielles de coop\u00e9ration. Il s&rsquo;est montr\u00e9 enthousiaste \u00e0 l&rsquo;id\u00e9e d&rsquo;accro\u00eetre les \u00e9changes commerciaux entre la Martinique et d&rsquo;autres entreprises des Cara\u00efbes, soulignant que la situation strat\u00e9gique de l&rsquo;\u00eele est avantageuse pour le commerce r\u00e9gional. <\/p>\n\n<p>Damie Sinanan, au nom de Caribbean Export, a f\u00e9licit\u00e9 la Martinique pour son adh\u00e9sion imminente au CARICOM et s&rsquo;est r\u00e9joui de l&rsquo;opportunit\u00e9 de renforcer les partenariats avec les entreprises martiniquaises. Damie Sinanan a reconnu la collaboration de longue date avec les r\u00e9gions ultrap\u00e9riph\u00e9riques fran\u00e7aises des Cara\u00efbes (FCOR) pour soutenir le commerce et a soulign\u00e9 l&rsquo;engagement de l&rsquo;agence \u00e0 faciliter une plus grande participation des entreprises martiniquaises dans les initiatives \u00e9conomiques r\u00e9gionales. En particulier, Caribbean Export se r\u00e9jouit d&rsquo;engager les entreprises martiniquaises dans des projets tels que l&rsquo;acc\u00e9l\u00e9rateur num\u00e9rique UE-ALC, qui encourage la transformation num\u00e9rique et l&rsquo;innovation parmi les entreprises d&rsquo;Am\u00e9rique latine, des Cara\u00efbes et de l&rsquo;Union europ\u00e9enne.  <\/p>\n\n<p>L&rsquo;agence a \u00e9galement soulign\u00e9 l&rsquo;importance de tirer parti de l&rsquo;adh\u00e9sion de la Martinique \u00e0 la CARICOM pour cr\u00e9er des synergies dans les domaines du commerce, de l&rsquo;investissement et des programmes de renforcement des capacit\u00e9s. En s&rsquo;int\u00e9grant dans des cadres r\u00e9gionaux, les entreprises martiniquaises auront un meilleur acc\u00e8s aux m\u00e9canismes de soutien qui am\u00e9liorent leur comp\u00e9titivit\u00e9 et \u00e9largissent les opportunit\u00e9s de march\u00e9. <\/p>\n\n<p>Le cheminement de la Martinique vers l&rsquo;adh\u00e9sion \u00e0 la CARICOM a dur\u00e9 une d\u00e9cennie et s&rsquo;est achev\u00e9 par la signature r\u00e9cente de l&rsquo;accord d&rsquo;adh\u00e9sion. Cette d\u00e9marche devrait renforcer la coop\u00e9ration r\u00e9gionale dans divers secteurs, notamment le d\u00e9veloppement \u00e9conomique, les soins de sant\u00e9, l&rsquo;\u00e9ducation, les transports et la gestion des risques de catastrophe. En tant que partie int\u00e9grante de l&rsquo;Union europ\u00e9enne, l&rsquo;inclusion de la Martinique offre une occasion unique de rapprocher les nations des Cara\u00efbes des march\u00e9s europ\u00e9ens.  <\/p>\n\n<p>La finalisation de l&rsquo;adh\u00e9sion de la Martinique en tant que membre associ\u00e9 attend la ratification de l&rsquo;Assembl\u00e9e nationale fran\u00e7aise, qui doit approuver le protocole sur les privil\u00e8ges et immunit\u00e9s. Une fois cette \u00e9tape franchie, la Martinique rejoindra les rangs des membres associ\u00e9s de la CARICOM, renfor\u00e7ant ainsi son engagement en faveur de l&rsquo;int\u00e9gration et de la coop\u00e9ration r\u00e9gionales. <\/p>\n\n<p>Ce d\u00e9veloppement repr\u00e9sente un moment historique pour la Martinique et la CARICOM, et promet de renforcer la diversification \u00e9conomique, les \u00e9changes culturels et la r\u00e9silience collective pour relever les d\u00e9fis communs dans la r\u00e9gion des Cara\u00efbes.<\/p>\n\n<p><\/p>\n","protected":false},"excerpt":{"rendered":"<p>Le vendredi 21 f\u00e9vrier 2025, l&rsquo;honorable Serge Letchimy, pr\u00e9sident du Conseil ex\u00e9cutif de la Martinique, a visit\u00e9 l&rsquo;Agence de d\u00e9veloppement des exportations des Cara\u00efbes \u00e0 la Barbade. Cette visite a co\u00efncid\u00e9 avec la signature par la Martinique d&rsquo;un accord d&rsquo;adh\u00e9sion pour devenir un membre associ\u00e9 de la Communaut\u00e9 des Cara\u00efbes (CARICOM) lors de la 48e [&hellip;]<\/p>\n","protected":false},"author":10,"featured_media":376328,"comment_status":"closed","ping_status":"closed","sticky":false,"template":"","format":"standard","meta":{"_acf_changed":false,"inline_featured_image":false,"footnotes":""},"categories":[4509],"tags":[],"class_list":["post-375972","post","type-post","status-publish","format-standard","has-post-thumbnail","hentry","category-blog"],"acf":[],"yoast_head":"<!-- This site is optimized with the Yoast SEO plugin v27.1.1 - https:\/\/yoast.com\/product\/yoast-seo-wordpress\/ -->\n<title>de Caribbean Export et la Martinique explorent de nouvelles opportunit\u00e9s commerciales apr\u00e8s l&#039;adh\u00e9sion au CARICOM - Exportation Cara\u00efbes<\/title>\n<meta name=\"description\" content=\"Au cours des discussions qui ont eu lieu \u00e0 Caribbean Export, le pr\u00e9sident Letchimy a pr\u00e9sent\u00e9 un cadre global visant \u00e0 renforcer l&#039;int\u00e9gration de la Martinique dans le march\u00e9 carib\u00e9en.\" \/>\n<meta name=\"robots\" content=\"index, follow, max-snippet:-1, max-image-preview:large, max-video-preview:-1\" \/>\n<link rel=\"canonical\" href=\"https:\/\/content.carib-export.com\/fr\/blog\/caribbean-export-and-martinique-explore-new-trade-opportunities-post-caricom-accession\/\" \/>\n<meta property=\"og:locale\" content=\"fr_FR\" \/>\n<meta property=\"og:type\" content=\"article\" \/>\n<meta property=\"og:title\" content=\"Caribbean Export et la Martinique explorent de nouvelles opportunit\u00e9s commerciales apr\u00e8s l&#039;adh\u00e9sion au CARICOM\" \/>\n<meta property=\"og:description\" content=\"Au cours des discussions qui ont eu lieu \u00e0 Caribbean Export, le pr\u00e9sident Letchimy a pr\u00e9sent\u00e9 un cadre global visant \u00e0 renforcer l&#039;int\u00e9gration de la Martinique dans le march\u00e9 carib\u00e9en.\" \/>\n<meta property=\"og:url\" content=\"https:\/\/content.carib-export.com\/fr\/blog\/caribbean-export-and-martinique-explore-new-trade-opportunities-post-caricom-accession\/\" \/>\n<meta property=\"og:site_name\" content=\"Exportation Cara\u00efbes\" \/>\n<meta property=\"article:publisher\" content=\"https:\/\/www.facebook.com\/CaribbeanExport\" \/>\n<meta property=\"article:published_time\" content=\"2025-02-24T20:42:00+00:00\" \/>\n<meta property=\"article:modified_time\" content=\"2025-03-02T12:02:29+00:00\" \/>\n<meta property=\"og:image\" content=\"https:\/\/content.carib-export.com\/wp-content\/uploads\/2025\/02\/Damie-Sinanan-and-Honourable-Serge-Letchimy-header-e1740687529633-1024x849.jpg\" \/>\n<meta name=\"author\" content=\"JoEllen Laryea\" \/>\n<meta name=\"twitter:card\" content=\"summary_large_image\" \/>\n<meta name=\"twitter:title\" content=\"Caribbean Export et la Martinique explorent de nouvelles opportunit\u00e9s commerciales apr\u00e8s l&#039;adh\u00e9sion au CARICOM\" \/>\n<meta name=\"twitter:description\" content=\"Au cours des discussions qui ont eu lieu \u00e0 Caribbean Export, le pr\u00e9sident Letchimy a pr\u00e9sent\u00e9 un cadre global visant \u00e0 renforcer l&#039;int\u00e9gration de la Martinique dans le march\u00e9 carib\u00e9en.\" \/>\n<meta name=\"twitter:image\" content=\"https:\/\/content.carib-export.com\/wp-content\/uploads\/2025\/02\/Damie-Sinanan-and-Honourable-Serge-Letchimy-header-e1740687529633-1024x849.jpg\" \/>\n<meta name=\"twitter:creator\" content=\"@JoEllenLaryea\" \/>\n<meta name=\"twitter:site\" content=\"@CaribXport\" \/>\n<meta name=\"twitter:label1\" content=\"\u00c9crit par\" \/>\n\t<meta name=\"twitter:data1\" content=\"JoEllen Laryea\" \/>\n\t<meta name=\"twitter:label2\" content=\"Dur\u00e9e de lecture estim\u00e9e\" \/>\n\t<meta name=\"twitter:data2\" content=\"4 minutes\" \/>\n<script type=\"application\/ld+json\" class=\"yoast-schema-graph\">{\"@context\":\"https:\/\/schema.org\",\"@graph\":[{\"@type\":\"Article\",\"@id\":\"https:\/\/content.carib-export.com\/fr\/blog\/caribbean-export-and-martinique-explore-new-trade-opportunities-post-caricom-accession\/#article\",\"isPartOf\":{\"@id\":\"https:\/\/content.carib-export.com\/fr\/blog\/caribbean-export-and-martinique-explore-new-trade-opportunities-post-caricom-accession\/\"},\"author\":{\"name\":\"JoEllen Laryea\",\"@id\":\"https:\/\/content.carib-export.com\/fr\/#\/schema\/person\/216a73591d0aad2b1a260bf23de750f3\"},\"headline\":\"Caribbean Export et la Martinique explorent de nouvelles opportunit\u00e9s commerciales apr\u00e8s l&rsquo;adh\u00e9sion au CARICOM\",\"datePublished\":\"2025-02-24T20:42:00+00:00\",\"dateModified\":\"2025-03-02T12:02:29+00:00\",\"mainEntityOfPage\":{\"@id\":\"https:\/\/content.carib-export.com\/fr\/blog\/caribbean-export-and-martinique-explore-new-trade-opportunities-post-caricom-accession\/\"},\"wordCount\":809,\"publisher\":{\"@id\":\"https:\/\/content.carib-export.com\/fr\/#organization\"},\"image\":{\"@id\":\"https:\/\/content.carib-export.com\/fr\/blog\/caribbean-export-and-martinique-explore-new-trade-opportunities-post-caricom-accession\/#primaryimage\"},\"thumbnailUrl\":\"https:\/\/content.carib-export.com\/wp-content\/uploads\/2025\/03\/Damie-Sinanan-and-Honourable-Serge-Letchimy-header-1.jpg\",\"articleSection\":[\"Blog\"],\"inLanguage\":\"fr-FR\"},{\"@type\":\"WebPage\",\"@id\":\"https:\/\/content.carib-export.com\/fr\/blog\/caribbean-export-and-martinique-explore-new-trade-opportunities-post-caricom-accession\/\",\"url\":\"https:\/\/content.carib-export.com\/fr\/blog\/caribbean-export-and-martinique-explore-new-trade-opportunities-post-caricom-accession\/\",\"name\":\"de Caribbean Export et la Martinique explorent de nouvelles opportunit\u00e9s commerciales apr\u00e8s l'adh\u00e9sion au CARICOM - Exportation Cara\u00efbes\",\"isPartOf\":{\"@id\":\"https:\/\/content.carib-export.com\/fr\/#website\"},\"primaryImageOfPage\":{\"@id\":\"https:\/\/content.carib-export.com\/fr\/blog\/caribbean-export-and-martinique-explore-new-trade-opportunities-post-caricom-accession\/#primaryimage\"},\"image\":{\"@id\":\"https:\/\/content.carib-export.com\/fr\/blog\/caribbean-export-and-martinique-explore-new-trade-opportunities-post-caricom-accession\/#primaryimage\"},\"thumbnailUrl\":\"https:\/\/content.carib-export.com\/wp-content\/uploads\/2025\/03\/Damie-Sinanan-and-Honourable-Serge-Letchimy-header-1.jpg\",\"datePublished\":\"2025-02-24T20:42:00+00:00\",\"dateModified\":\"2025-03-02T12:02:29+00:00\",\"description\":\"Au cours des discussions qui ont eu lieu \u00e0 Caribbean Export, le pr\u00e9sident Letchimy a pr\u00e9sent\u00e9 un cadre global visant \u00e0 renforcer l'int\u00e9gration de la Martinique dans le march\u00e9 carib\u00e9en.\",\"breadcrumb\":{\"@id\":\"https:\/\/content.carib-export.com\/fr\/blog\/caribbean-export-and-martinique-explore-new-trade-opportunities-post-caricom-accession\/#breadcrumb\"},\"inLanguage\":\"fr-FR\",\"potentialAction\":[{\"@type\":\"ReadAction\",\"target\":[\"https:\/\/content.carib-export.com\/fr\/blog\/caribbean-export-and-martinique-explore-new-trade-opportunities-post-caricom-accession\/\"]}]},{\"@type\":\"ImageObject\",\"inLanguage\":\"fr-FR\",\"@id\":\"https:\/\/content.carib-export.com\/fr\/blog\/caribbean-export-and-martinique-explore-new-trade-opportunities-post-caricom-accession\/#primaryimage\",\"url\":\"https:\/\/content.carib-export.com\/wp-content\/uploads\/2025\/03\/Damie-Sinanan-and-Honourable-Serge-Letchimy-header-1.jpg\",\"contentUrl\":\"https:\/\/content.carib-export.com\/wp-content\/uploads\/2025\/03\/Damie-Sinanan-and-Honourable-Serge-Letchimy-header-1.jpg\",\"width\":1800,\"height\":1012},{\"@type\":\"BreadcrumbList\",\"@id\":\"https:\/\/content.carib-export.com\/fr\/blog\/caribbean-export-and-martinique-explore-new-trade-opportunities-post-caricom-accession\/#breadcrumb\",\"itemListElement\":[{\"@type\":\"ListItem\",\"position\":1,\"name\":\"Accueil\",\"item\":\"https:\/\/content.carib-export.com\/fr\/home\/\"},{\"@type\":\"ListItem\",\"position\":2,\"name\":\"Blog\",\"item\":\"https:\/\/content.carib-export.com\/fr\/blog\/\"},{\"@type\":\"ListItem\",\"position\":3,\"name\":\"Caribbean Export et la Martinique explorent de nouvelles opportunit\u00e9s commerciales apr\u00e8s l&rsquo;adh\u00e9sion au CARICOM\"}]},{\"@type\":\"WebSite\",\"@id\":\"https:\/\/content.carib-export.com\/fr\/#website\",\"url\":\"https:\/\/content.carib-export.com\/fr\/\",\"name\":\"Exportation Cara\u00efbes\",\"description\":\"La seule agence r\u00e9gionale de promotion du commerce et des investissements du groupe Afrique, Cara\u00efbes et Pacifique.\",\"publisher\":{\"@id\":\"https:\/\/content.carib-export.com\/fr\/#organization\"},\"potentialAction\":[{\"@type\":\"SearchAction\",\"target\":{\"@type\":\"EntryPoint\",\"urlTemplate\":\"https:\/\/content.carib-export.com\/fr\/?s={search_term_string}\"},\"query-input\":{\"@type\":\"PropertyValueSpecification\",\"valueRequired\":true,\"valueName\":\"search_term_string\"}}],\"inLanguage\":\"fr-FR\"},{\"@type\":\"Organization\",\"@id\":\"https:\/\/content.carib-export.com\/fr\/#organization\",\"name\":\"Agence carib\u00e9enne de d\u00e9veloppement des exportations\",\"url\":\"https:\/\/content.carib-export.com\/fr\/\",\"logo\":{\"@type\":\"ImageObject\",\"inLanguage\":\"fr-FR\",\"@id\":\"https:\/\/content.carib-export.com\/fr\/#\/schema\/logo\/image\/\",\"url\":\"https:\/\/content.carib-export.com\/wp-content\/uploads\/2013\/03\/CE-Logo-2013.jpg\",\"contentUrl\":\"https:\/\/content.carib-export.com\/wp-content\/uploads\/2013\/03\/CE-Logo-2013.jpg\",\"width\":1024,\"height\":244,\"caption\":\"Agence carib\u00e9enne de d\u00e9veloppement des exportations\"},\"image\":{\"@id\":\"https:\/\/content.carib-export.com\/fr\/#\/schema\/logo\/image\/\"},\"sameAs\":[\"https:\/\/www.facebook.com\/CaribbeanExport\",\"https:\/\/x.com\/CaribXport\",\"https:\/\/www.instagram.com\/caribbeanexport\",\"https:\/\/www.linkedin.com\/company\/caribbeanexport\",\"https:\/\/www.youtube.com\/user\/TheCaribbeanExport\"]},{\"@type\":\"Person\",\"@id\":\"https:\/\/content.carib-export.com\/fr\/#\/schema\/person\/216a73591d0aad2b1a260bf23de750f3\",\"name\":\"JoEllen Laryea\",\"image\":{\"@type\":\"ImageObject\",\"inLanguage\":\"fr-FR\",\"@id\":\"https:\/\/content.carib-export.com\/fr\/#\/schema\/person\/image\/\",\"url\":\"https:\/\/content.carib-export.com\/wp-content\/uploads\/2025\/03\/cropped-JoEllen-Laryea-2020-96x96.png\",\"contentUrl\":\"https:\/\/content.carib-export.com\/wp-content\/uploads\/2025\/03\/cropped-JoEllen-Laryea-2020-96x96.png\",\"caption\":\"JoEllen Laryea\"},\"description\":\"JoEllen is the Manager (Ag) for Partnerships, Advocacy and Reporting with Caribbean Export and manages all aspects of the Agency's communications within her portfolio.\",\"sameAs\":[\"https:\/\/www.linkedin.com\/in\/joellen-laryea-b440711\/\",\"https:\/\/x.com\/JoEllenLaryea\"],\"url\":\"https:\/\/content.carib-export.com\/fr\/author\/joellenl\/\"}]}<\/script>\n<!-- \/ Yoast SEO plugin. -->","yoast_head_json":{"title":"de Caribbean Export et la Martinique explorent de nouvelles opportunit\u00e9s commerciales apr\u00e8s l'adh\u00e9sion au CARICOM - Exportation Cara\u00efbes","description":"Au cours des discussions qui ont eu lieu \u00e0 Caribbean Export, le pr\u00e9sident Letchimy a pr\u00e9sent\u00e9 un cadre global visant \u00e0 renforcer l'int\u00e9gration de la Martinique dans le march\u00e9 carib\u00e9en.","robots":{"index":"index","follow":"follow","max-snippet":"max-snippet:-1","max-image-preview":"max-image-preview:large","max-video-preview":"max-video-preview:-1"},"canonical":"https:\/\/content.carib-export.com\/fr\/blog\/caribbean-export-and-martinique-explore-new-trade-opportunities-post-caricom-accession\/","og_locale":"fr_FR","og_type":"article","og_title":"Caribbean Export et la Martinique explorent de nouvelles opportunit\u00e9s commerciales apr\u00e8s l'adh\u00e9sion au CARICOM","og_description":"Au cours des discussions qui ont eu lieu \u00e0 Caribbean Export, le pr\u00e9sident Letchimy a pr\u00e9sent\u00e9 un cadre global visant \u00e0 renforcer l'int\u00e9gration de la Martinique dans le march\u00e9 carib\u00e9en.","og_url":"https:\/\/content.carib-export.com\/fr\/blog\/caribbean-export-and-martinique-explore-new-trade-opportunities-post-caricom-accession\/","og_site_name":"Exportation Cara\u00efbes","article_publisher":"https:\/\/www.facebook.com\/CaribbeanExport","article_published_time":"2025-02-24T20:42:00+00:00","article_modified_time":"2025-03-02T12:02:29+00:00","og_image":[{"url":"https:\/\/content.carib-export.com\/wp-content\/uploads\/2025\/02\/Damie-Sinanan-and-Honourable-Serge-Letchimy-header-e1740687529633-1024x849.jpg","type":"","width":"","height":""}],"author":"JoEllen Laryea","twitter_card":"summary_large_image","twitter_title":"Caribbean Export et la Martinique explorent de nouvelles opportunit\u00e9s commerciales apr\u00e8s l'adh\u00e9sion au CARICOM","twitter_description":"Au cours des discussions qui ont eu lieu \u00e0 Caribbean Export, le pr\u00e9sident Letchimy a pr\u00e9sent\u00e9 un cadre global visant \u00e0 renforcer l'int\u00e9gration de la Martinique dans le march\u00e9 carib\u00e9en.","twitter_image":"https:\/\/content.carib-export.com\/wp-content\/uploads\/2025\/02\/Damie-Sinanan-and-Honourable-Serge-Letchimy-header-e1740687529633-1024x849.jpg","twitter_creator":"@JoEllenLaryea","twitter_site":"@CaribXport","twitter_misc":{"\u00c9crit par":"JoEllen Laryea","Dur\u00e9e de lecture estim\u00e9e":"4 minutes"},"schema":{"@context":"https:\/\/schema.org","@graph":[{"@type":"Article","@id":"https:\/\/content.carib-export.com\/fr\/blog\/caribbean-export-and-martinique-explore-new-trade-opportunities-post-caricom-accession\/#article","isPartOf":{"@id":"https:\/\/content.carib-export.com\/fr\/blog\/caribbean-export-and-martinique-explore-new-trade-opportunities-post-caricom-accession\/"},"author":{"name":"JoEllen Laryea","@id":"https:\/\/content.carib-export.com\/fr\/#\/schema\/person\/216a73591d0aad2b1a260bf23de750f3"},"headline":"Caribbean Export et la Martinique explorent de nouvelles opportunit\u00e9s commerciales apr\u00e8s l&rsquo;adh\u00e9sion au CARICOM","datePublished":"2025-02-24T20:42:00+00:00","dateModified":"2025-03-02T12:02:29+00:00","mainEntityOfPage":{"@id":"https:\/\/content.carib-export.com\/fr\/blog\/caribbean-export-and-martinique-explore-new-trade-opportunities-post-caricom-accession\/"},"wordCount":809,"publisher":{"@id":"https:\/\/content.carib-export.com\/fr\/#organization"},"image":{"@id":"https:\/\/content.carib-export.com\/fr\/blog\/caribbean-export-and-martinique-explore-new-trade-opportunities-post-caricom-accession\/#primaryimage"},"thumbnailUrl":"https:\/\/content.carib-export.com\/wp-content\/uploads\/2025\/03\/Damie-Sinanan-and-Honourable-Serge-Letchimy-header-1.jpg","articleSection":["Blog"],"inLanguage":"fr-FR"},{"@type":"WebPage","@id":"https:\/\/content.carib-export.com\/fr\/blog\/caribbean-export-and-martinique-explore-new-trade-opportunities-post-caricom-accession\/","url":"https:\/\/content.carib-export.com\/fr\/blog\/caribbean-export-and-martinique-explore-new-trade-opportunities-post-caricom-accession\/","name":"de Caribbean Export et la Martinique explorent de nouvelles opportunit\u00e9s commerciales apr\u00e8s l'adh\u00e9sion au CARICOM - Exportation Cara\u00efbes","isPartOf":{"@id":"https:\/\/content.carib-export.com\/fr\/#website"},"primaryImageOfPage":{"@id":"https:\/\/content.carib-export.com\/fr\/blog\/caribbean-export-and-martinique-explore-new-trade-opportunities-post-caricom-accession\/#primaryimage"},"image":{"@id":"https:\/\/content.carib-export.com\/fr\/blog\/caribbean-export-and-martinique-explore-new-trade-opportunities-post-caricom-accession\/#primaryimage"},"thumbnailUrl":"https:\/\/content.carib-export.com\/wp-content\/uploads\/2025\/03\/Damie-Sinanan-and-Honourable-Serge-Letchimy-header-1.jpg","datePublished":"2025-02-24T20:42:00+00:00","dateModified":"2025-03-02T12:02:29+00:00","description":"Au cours des discussions qui ont eu lieu \u00e0 Caribbean Export, le pr\u00e9sident Letchimy a pr\u00e9sent\u00e9 un cadre global visant \u00e0 renforcer l'int\u00e9gration de la Martinique dans le march\u00e9 carib\u00e9en.","breadcrumb":{"@id":"https:\/\/content.carib-export.com\/fr\/blog\/caribbean-export-and-martinique-explore-new-trade-opportunities-post-caricom-accession\/#breadcrumb"},"inLanguage":"fr-FR","potentialAction":[{"@type":"ReadAction","target":["https:\/\/content.carib-export.com\/fr\/blog\/caribbean-export-and-martinique-explore-new-trade-opportunities-post-caricom-accession\/"]}]},{"@type":"ImageObject","inLanguage":"fr-FR","@id":"https:\/\/content.carib-export.com\/fr\/blog\/caribbean-export-and-martinique-explore-new-trade-opportunities-post-caricom-accession\/#primaryimage","url":"https:\/\/content.carib-export.com\/wp-content\/uploads\/2025\/03\/Damie-Sinanan-and-Honourable-Serge-Letchimy-header-1.jpg","contentUrl":"https:\/\/content.carib-export.com\/wp-content\/uploads\/2025\/03\/Damie-Sinanan-and-Honourable-Serge-Letchimy-header-1.jpg","width":1800,"height":1012},{"@type":"BreadcrumbList","@id":"https:\/\/content.carib-export.com\/fr\/blog\/caribbean-export-and-martinique-explore-new-trade-opportunities-post-caricom-accession\/#breadcrumb","itemListElement":[{"@type":"ListItem","position":1,"name":"Accueil","item":"https:\/\/content.carib-export.com\/fr\/home\/"},{"@type":"ListItem","position":2,"name":"Blog","item":"https:\/\/content.carib-export.com\/fr\/blog\/"},{"@type":"ListItem","position":3,"name":"Caribbean Export et la Martinique explorent de nouvelles opportunit\u00e9s commerciales apr\u00e8s l&rsquo;adh\u00e9sion au CARICOM"}]},{"@type":"WebSite","@id":"https:\/\/content.carib-export.com\/fr\/#website","url":"https:\/\/content.carib-export.com\/fr\/","name":"Exportation Cara\u00efbes","description":"La seule agence r\u00e9gionale de promotion du commerce et des investissements du groupe Afrique, Cara\u00efbes et Pacifique.","publisher":{"@id":"https:\/\/content.carib-export.com\/fr\/#organization"},"potentialAction":[{"@type":"SearchAction","target":{"@type":"EntryPoint","urlTemplate":"https:\/\/content.carib-export.com\/fr\/?s={search_term_string}"},"query-input":{"@type":"PropertyValueSpecification","valueRequired":true,"valueName":"search_term_string"}}],"inLanguage":"fr-FR"},{"@type":"Organization","@id":"https:\/\/content.carib-export.com\/fr\/#organization","name":"Agence carib\u00e9enne de d\u00e9veloppement des exportations","url":"https:\/\/content.carib-export.com\/fr\/","logo":{"@type":"ImageObject","inLanguage":"fr-FR","@id":"https:\/\/content.carib-export.com\/fr\/#\/schema\/logo\/image\/","url":"https:\/\/content.carib-export.com\/wp-content\/uploads\/2013\/03\/CE-Logo-2013.jpg","contentUrl":"https:\/\/content.carib-export.com\/wp-content\/uploads\/2013\/03\/CE-Logo-2013.jpg","width":1024,"height":244,"caption":"Agence carib\u00e9enne de d\u00e9veloppement des exportations"},"image":{"@id":"https:\/\/content.carib-export.com\/fr\/#\/schema\/logo\/image\/"},"sameAs":["https:\/\/www.facebook.com\/CaribbeanExport","https:\/\/x.com\/CaribXport","https:\/\/www.instagram.com\/caribbeanexport","https:\/\/www.linkedin.com\/company\/caribbeanexport","https:\/\/www.youtube.com\/user\/TheCaribbeanExport"]},{"@type":"Person","@id":"https:\/\/content.carib-export.com\/fr\/#\/schema\/person\/216a73591d0aad2b1a260bf23de750f3","name":"JoEllen Laryea","image":{"@type":"ImageObject","inLanguage":"fr-FR","@id":"https:\/\/content.carib-export.com\/fr\/#\/schema\/person\/image\/","url":"https:\/\/content.carib-export.com\/wp-content\/uploads\/2025\/03\/cropped-JoEllen-Laryea-2020-96x96.png","contentUrl":"https:\/\/content.carib-export.com\/wp-content\/uploads\/2025\/03\/cropped-JoEllen-Laryea-2020-96x96.png","caption":"JoEllen Laryea"},"description":"JoEllen is the Manager (Ag) for Partnerships, Advocacy and Reporting with Caribbean Export and manages all aspects of the Agency's communications within her portfolio.","sameAs":["https:\/\/www.linkedin.com\/in\/joellen-laryea-b440711\/","https:\/\/x.com\/JoEllenLaryea"],"url":"https:\/\/content.carib-export.com\/fr\/author\/joellenl\/"}]}},"_links":{"self":[{"href":"https:\/\/content.carib-export.com\/fr\/wp-json\/wp\/v2\/posts\/375972","targetHints":{"allow":["GET"]}}],"collection":[{"href":"https:\/\/content.carib-export.com\/fr\/wp-json\/wp\/v2\/posts"}],"about":[{"href":"https:\/\/content.carib-export.com\/fr\/wp-json\/wp\/v2\/types\/post"}],"author":[{"embeddable":true,"href":"https:\/\/content.carib-export.com\/fr\/wp-json\/wp\/v2\/users\/10"}],"replies":[{"embeddable":true,"href":"https:\/\/content.carib-export.com\/fr\/wp-json\/wp\/v2\/comments?post=375972"}],"version-history":[{"count":0,"href":"https:\/\/content.carib-export.com\/fr\/wp-json\/wp\/v2\/posts\/375972\/revisions"}],"wp:featuredmedia":[{"embeddable":true,"href":"https:\/\/content.carib-export.com\/fr\/wp-json\/wp\/v2\/media\/376328"}],"wp:attachment":[{"href":"https:\/\/content.carib-export.com\/fr\/wp-json\/wp\/v2\/media?parent=375972"}],"wp:term":[{"taxonomy":"category","embeddable":true,"href":"https:\/\/content.carib-export.com\/fr\/wp-json\/wp\/v2\/categories?post=375972"},{"taxonomy":"post_tag","embeddable":true,"href":"https:\/\/content.carib-export.com\/fr\/wp-json\/wp\/v2\/tags?post=375972"}],"curies":[{"name":"wp","href":"https:\/\/api.w.org\/{rel}","templated":true}]}}