{"id":377248,"date":"2025-03-08T08:00:00","date_gmt":"2025-03-08T12:00:00","guid":{"rendered":"https:\/\/content.carib-export.com\/?p=377248"},"modified":"2025-03-18T15:59:08","modified_gmt":"2025-03-18T19:59:08","slug":"accelerating-action-for-caribbean-women-entrepreneurs","status":"publish","type":"post","link":"https:\/\/content.carib-export.com\/fr\/blog\/accelerating-action-for-caribbean-women-entrepreneurs\/","title":{"rendered":"Acc\u00e9l\u00e9rer l&rsquo;action pour les femmes entrepreneurs des Cara\u00efbes"},"content":{"rendered":"<div id=\"bsf_rt_marker\"><\/div>\n<p>Alors que nous c\u00e9l\u00e9brons la Journ\u00e9e internationale de la femme 2025 sur le th\u00e8me \u00ab\u00a0Acc\u00e9l\u00e9rer l&rsquo;action\u00a0\u00bb, le moment est opportun pour r\u00e9fl\u00e9chir aux progr\u00e8s accomplis et au chemin qui reste \u00e0 parcourir pour les femmes entrepreneurs dans les Cara\u00efbes. Dans toute la r\u00e9gion, les entreprises dirig\u00e9es par des femmes sont des moteurs essentiels de la croissance \u00e9conomique, de l&rsquo;innovation et de la r\u00e9silience. Pourtant, malgr\u00e9 leurs immenses contributions, nombre d&rsquo;entre elles se heurtent encore \u00e0 des obstacles tels que l&rsquo;acc\u00e8s au financement, l&rsquo;exposition limit\u00e9e \u00e0 de nouveaux march\u00e9s et l&rsquo;insuffisance des syst\u00e8mes de soutien susceptibles de les aider \u00e0 passer \u00e0 l&rsquo;\u00e9chelle sup\u00e9rieure.  <\/p>\n\n<p>Chez Caribbean Export, nous pensons que pour acc\u00e9l\u00e9rer l&rsquo;action, il faut aller au-del\u00e0 des conversations et apporter un soutien r\u00e9el et tangible aux femmes entrepreneurs. C&rsquo;est pourquoi nous collaborons avec Affaires mondiales Canada pour mettre en \u0153uvre le projet <a href=\"https:\/\/carib-export.com\/projects\/generating-resilient-and-inclusive-trade-for-caribbean-women-entrepreneurs-grit\/\">Caribbean Women Entrepreneurs Generating Resilient and Inclusive Trade (GRIT)<\/a>. <a href=\"https:\/\/carib-export.com\/projects\/generating-resilient-and-inclusive-trade-for-caribbean-women-entrepreneurs-grit\/\" target=\"_blank\" rel=\"noreferrer noopener\"> <\/a>-une initiative visant \u00e0 renforcer les entreprises dirig\u00e9es par des femmes en leur fournissant les outils et les opportunit\u00e9s n\u00e9cessaires \u00e0 une croissance durable et \u00e0 une expansion internationale. Le GRIT soutiendra les entreprises dirig\u00e9es par des femmes du Belize, de la Dominique, de la Grenade, de la Jama\u00efque, de Sainte-Lucie et de Saint-Vincent-et-les-Grenadines. <\/p>\n\n<p><strong>Combler le foss\u00e9 entre les hommes et les femmes dans le commerce<\/strong><\/p>\n\n<p>Les femmes entrepreneurs des Cara\u00efbes ont souvent du mal \u00e0 percer sur les march\u00e9s internationaux en raison de diverses contraintes. Le GRIT cherche \u00e0 changer cette situation en offrant une formation sp\u00e9cialis\u00e9e, un mentorat et un soutien financier afin d&rsquo;am\u00e9liorer la comp\u00e9titivit\u00e9 des entreprises. <\/p>\n\n<p>Pour apporter aux femmes entrepreneurs le soutien dont elles ont besoin, cette initiative fournira :<\/p>\n\n<ul class=\"wp-block-list\">\n<li>Acc\u00e8s au financement &#8211; Octroi de subventions aux entreprises dirig\u00e9es par des femmes pour qu&rsquo;elles adoptent des technologies.<\/li>\n\n\n\n<li>Formation \u00e0 l&rsquo;exportation et mentorat &#8211; Pr\u00e9parer les entrepreneurs \u00e0 s&rsquo;implanter sur les march\u00e9s r\u00e9gionaux et internationaux et \u00e0 y maintenir leur pr\u00e9sence.<\/li>\n\n\n\n<li>Mise en relation avec les acheteurs &#8211; Mise en relation des femmes entrepreneurs avec des partenaires et des acheteurs potentiels par le biais de missions commerciales.<\/li>\n<\/ul>\n\n<p><strong>Un avenir d&rsquo;inclusion et d&rsquo;innovation<\/strong><\/p>\n\n<p>Il est temps d&rsquo;agir. GRIT est con\u00e7u pour faire tomber les barri\u00e8res et ouvrir les portes aux femmes entrepreneurs, en leur fournissant les ressources essentielles n\u00e9cessaires pour se d\u00e9velopper, \u00eatre comp\u00e9titives et r\u00e9ussir sur les march\u00e9s mondiaux. L&rsquo;avenir \u00e9conomique des Cara\u00efbes d\u00e9pend d&rsquo;une croissance inclusive, et l&rsquo;autonomisation des femmes entrepreneurs est essentielle pour ouvrir des perspectives de prosp\u00e9rit\u00e9. Gr\u00e2ce \u00e0 des initiatives telles que GRIT, nous relevons les d\u00e9fis auxquels les femmes sont confront\u00e9es dans le domaine du commerce et nous favorisons un \u00e9cosyst\u00e8me dans lequel leurs entreprises peuvent prosp\u00e9rer et montrer la voie en mati\u00e8re d&rsquo;innovation et de durabilit\u00e9.   <\/p>\n\n<p>Le moment est venu de s&rsquo;impliquer. Si vous \u00eates une femme chef d&rsquo;entreprise d\u00e9sireuse de d\u00e9velopper son activit\u00e9, de p\u00e9n\u00e9trer de nouveaux march\u00e9s ou d&rsquo;acc\u00e9der \u00e0 une formation et \u00e0 un mentorat pr\u00e9cieux, nous vous invitons \u00e0 prendre part \u00e0 ce projet. R\u00e9pondez \u00e0 notre enqu\u00eate et passez \u00e0 l&rsquo;\u00e9tape suivante de votre parcours entrepreneurial.   <strong><a href=\"https:\/\/www.surveymonkey.com\/r\/Z3NS3MW\" target=\"_blank\" rel=\"noreferrer noopener\">Lien vers l&rsquo;enqu\u00eate<\/a><\/strong><\/p>\n\n<p>Ensemble, acc\u00e9l\u00e9rons l&rsquo;action et fa\u00e7onnons un avenir o\u00f9 les femmes entrepreneurs des Cara\u00efbes dirigent, r\u00e9ussissent et transforment les industries de toute la r\u00e9gion.<\/p>\n\n<p><em>Joyeuse journ\u00e9e internationale de la femme !<\/em><\/p>\n\n<p><\/p>\n","protected":false},"excerpt":{"rendered":"<p>Alors que nous c\u00e9l\u00e9brons la Journ\u00e9e internationale de la femme 2025 sur le th\u00e8me \u00ab\u00a0Acc\u00e9l\u00e9rer l&rsquo;action\u00a0\u00bb, le moment est opportun pour r\u00e9fl\u00e9chir aux progr\u00e8s accomplis et au chemin qui reste \u00e0 parcourir pour les femmes entrepreneurs dans les Cara\u00efbes. Dans toute la r\u00e9gion, les entreprises dirig\u00e9es par des femmes sont des moteurs essentiels de la [&hellip;]<\/p>\n","protected":false},"author":9,"featured_media":377219,"comment_status":"closed","ping_status":"closed","sticky":false,"template":"","format":"standard","meta":{"_acf_changed":false,"inline_featured_image":false,"footnotes":""},"categories":[4509],"tags":[],"class_list":["post-377248","post","type-post","status-publish","format-standard","has-post-thumbnail","hentry","category-blog"],"acf":[],"yoast_head":"<!-- This site is optimized with the Yoast SEO plugin v27.1.1 - https:\/\/yoast.com\/product\/yoast-seo-wordpress\/ -->\n<title>de Acc\u00e9l\u00e9rer l&#039;action pour les femmes entrepreneurs des Cara\u00efbes - Exportation Cara\u00efbes<\/title>\n<meta name=\"description\" content=\"En cette Journ\u00e9e internationale de la femme, acc\u00e9l\u00e9rons l&#039;action pour les femmes entrepreneurs des Cara\u00efbes ! D\u00e9couvrez comment le GRIT renforce les entreprises dirig\u00e9es par des femmes.\" \/>\n<meta name=\"robots\" content=\"index, follow, max-snippet:-1, max-image-preview:large, max-video-preview:-1\" \/>\n<link rel=\"canonical\" href=\"https:\/\/content.carib-export.com\/fr\/blog\/accelerating-action-for-caribbean-women-entrepreneurs\/\" \/>\n<meta property=\"og:locale\" content=\"fr_FR\" \/>\n<meta property=\"og:type\" content=\"article\" \/>\n<meta property=\"og:title\" content=\"Acc\u00e9l\u00e9rer l&#039;action pour les femmes entrepreneurs des Cara\u00efbes\" \/>\n<meta property=\"og:description\" content=\"En cette Journ\u00e9e internationale de la femme, acc\u00e9l\u00e9rons l&#039;action pour les femmes entrepreneurs des Cara\u00efbes ! D\u00e9couvrez comment le GRIT renforce les entreprises dirig\u00e9es par des femmes.\" \/>\n<meta property=\"og:url\" content=\"https:\/\/content.carib-export.com\/fr\/blog\/accelerating-action-for-caribbean-women-entrepreneurs\/\" \/>\n<meta property=\"og:site_name\" content=\"Exportation Cara\u00efbes\" \/>\n<meta property=\"article:publisher\" content=\"https:\/\/www.facebook.com\/CaribbeanExport\" \/>\n<meta property=\"article:published_time\" content=\"2025-03-08T12:00:00+00:00\" \/>\n<meta property=\"article:modified_time\" content=\"2025-03-18T19:59:08+00:00\" \/>\n<meta property=\"og:image\" content=\"https:\/\/content.carib-export.com\/wp-content\/uploads\/2025\/03\/IWD-2025-Blog-Photo-1024x768.png\" \/>\n<meta name=\"author\" content=\"Deidre Brathwaite\" \/>\n<meta name=\"twitter:card\" content=\"summary_large_image\" \/>\n<meta name=\"twitter:title\" content=\"Acc\u00e9l\u00e9rer l&#039;action pour les femmes entrepreneurs des Cara\u00efbes\" \/>\n<meta name=\"twitter:description\" content=\"En cette Journ\u00e9e internationale de la femme, acc\u00e9l\u00e9rons l&#039;action pour les femmes entrepreneurs des Cara\u00efbes ! D\u00e9couvrez comment le GRIT renforce les entreprises dirig\u00e9es par des femmes.\" \/>\n<meta name=\"twitter:image\" content=\"https:\/\/content.carib-export.com\/wp-content\/uploads\/2025\/03\/IWD-2025-Blog-Photo-1024x768.png\" \/>\n<meta name=\"twitter:creator\" content=\"@https:\/\/twitter.com\/DkBInteractive\" \/>\n<meta name=\"twitter:site\" content=\"@CaribXport\" \/>\n<meta name=\"twitter:label1\" content=\"\u00c9crit par\" \/>\n\t<meta name=\"twitter:data1\" content=\"Deidre Brathwaite\" \/>\n\t<meta name=\"twitter:label2\" content=\"Dur\u00e9e de lecture estim\u00e9e\" \/>\n\t<meta name=\"twitter:data2\" content=\"3 minutes\" \/>\n<script type=\"application\/ld+json\" class=\"yoast-schema-graph\">{\"@context\":\"https:\/\/schema.org\",\"@graph\":[{\"@type\":\"Article\",\"@id\":\"https:\/\/content.carib-export.com\/fr\/blog\/accelerating-action-for-caribbean-women-entrepreneurs\/#article\",\"isPartOf\":{\"@id\":\"https:\/\/content.carib-export.com\/fr\/blog\/accelerating-action-for-caribbean-women-entrepreneurs\/\"},\"author\":{\"name\":\"Deidre Brathwaite\",\"@id\":\"https:\/\/content.carib-export.com\/fr\/#\/schema\/person\/52e67161560047831f389d6f37260884\"},\"headline\":\"Acc\u00e9l\u00e9rer l&rsquo;action pour les femmes entrepreneurs des Cara\u00efbes\",\"datePublished\":\"2025-03-08T12:00:00+00:00\",\"dateModified\":\"2025-03-18T19:59:08+00:00\",\"mainEntityOfPage\":{\"@id\":\"https:\/\/content.carib-export.com\/fr\/blog\/accelerating-action-for-caribbean-women-entrepreneurs\/\"},\"wordCount\":597,\"publisher\":{\"@id\":\"https:\/\/content.carib-export.com\/fr\/#organization\"},\"image\":{\"@id\":\"https:\/\/content.carib-export.com\/fr\/blog\/accelerating-action-for-caribbean-women-entrepreneurs\/#primaryimage\"},\"thumbnailUrl\":\"https:\/\/content.carib-export.com\/wp-content\/uploads\/2025\/03\/IWD-2025-Blog-Photo.png\",\"articleSection\":[\"Blog\"],\"inLanguage\":\"fr-FR\"},{\"@type\":\"WebPage\",\"@id\":\"https:\/\/content.carib-export.com\/fr\/blog\/accelerating-action-for-caribbean-women-entrepreneurs\/\",\"url\":\"https:\/\/content.carib-export.com\/fr\/blog\/accelerating-action-for-caribbean-women-entrepreneurs\/\",\"name\":\"de Acc\u00e9l\u00e9rer l'action pour les femmes entrepreneurs des Cara\u00efbes - Exportation Cara\u00efbes\",\"isPartOf\":{\"@id\":\"https:\/\/content.carib-export.com\/fr\/#website\"},\"primaryImageOfPage\":{\"@id\":\"https:\/\/content.carib-export.com\/fr\/blog\/accelerating-action-for-caribbean-women-entrepreneurs\/#primaryimage\"},\"image\":{\"@id\":\"https:\/\/content.carib-export.com\/fr\/blog\/accelerating-action-for-caribbean-women-entrepreneurs\/#primaryimage\"},\"thumbnailUrl\":\"https:\/\/content.carib-export.com\/wp-content\/uploads\/2025\/03\/IWD-2025-Blog-Photo.png\",\"datePublished\":\"2025-03-08T12:00:00+00:00\",\"dateModified\":\"2025-03-18T19:59:08+00:00\",\"description\":\"En cette Journ\u00e9e internationale de la femme, acc\u00e9l\u00e9rons l'action pour les femmes entrepreneurs des Cara\u00efbes ! D\u00e9couvrez comment le GRIT renforce les entreprises dirig\u00e9es par des femmes.\",\"breadcrumb\":{\"@id\":\"https:\/\/content.carib-export.com\/fr\/blog\/accelerating-action-for-caribbean-women-entrepreneurs\/#breadcrumb\"},\"inLanguage\":\"fr-FR\",\"potentialAction\":[{\"@type\":\"ReadAction\",\"target\":[\"https:\/\/content.carib-export.com\/fr\/blog\/accelerating-action-for-caribbean-women-entrepreneurs\/\"]}]},{\"@type\":\"ImageObject\",\"inLanguage\":\"fr-FR\",\"@id\":\"https:\/\/content.carib-export.com\/fr\/blog\/accelerating-action-for-caribbean-women-entrepreneurs\/#primaryimage\",\"url\":\"https:\/\/content.carib-export.com\/wp-content\/uploads\/2025\/03\/IWD-2025-Blog-Photo.png\",\"contentUrl\":\"https:\/\/content.carib-export.com\/wp-content\/uploads\/2025\/03\/IWD-2025-Blog-Photo.png\",\"width\":1500,\"height\":1125},{\"@type\":\"BreadcrumbList\",\"@id\":\"https:\/\/content.carib-export.com\/fr\/blog\/accelerating-action-for-caribbean-women-entrepreneurs\/#breadcrumb\",\"itemListElement\":[{\"@type\":\"ListItem\",\"position\":1,\"name\":\"Accueil\",\"item\":\"https:\/\/content.carib-export.com\/fr\/home\/\"},{\"@type\":\"ListItem\",\"position\":2,\"name\":\"Blog\",\"item\":\"https:\/\/content.carib-export.com\/fr\/blog\/\"},{\"@type\":\"ListItem\",\"position\":3,\"name\":\"Acc\u00e9l\u00e9rer l&rsquo;action pour les femmes entrepreneurs des Cara\u00efbes\"}]},{\"@type\":\"WebSite\",\"@id\":\"https:\/\/content.carib-export.com\/fr\/#website\",\"url\":\"https:\/\/content.carib-export.com\/fr\/\",\"name\":\"Exportation Cara\u00efbes\",\"description\":\"La seule agence r\u00e9gionale de promotion du commerce et des investissements du groupe Afrique, Cara\u00efbes et Pacifique.\",\"publisher\":{\"@id\":\"https:\/\/content.carib-export.com\/fr\/#organization\"},\"potentialAction\":[{\"@type\":\"SearchAction\",\"target\":{\"@type\":\"EntryPoint\",\"urlTemplate\":\"https:\/\/content.carib-export.com\/fr\/?s={search_term_string}\"},\"query-input\":{\"@type\":\"PropertyValueSpecification\",\"valueRequired\":true,\"valueName\":\"search_term_string\"}}],\"inLanguage\":\"fr-FR\"},{\"@type\":\"Organization\",\"@id\":\"https:\/\/content.carib-export.com\/fr\/#organization\",\"name\":\"Agence carib\u00e9enne de d\u00e9veloppement des exportations\",\"url\":\"https:\/\/content.carib-export.com\/fr\/\",\"logo\":{\"@type\":\"ImageObject\",\"inLanguage\":\"fr-FR\",\"@id\":\"https:\/\/content.carib-export.com\/fr\/#\/schema\/logo\/image\/\",\"url\":\"https:\/\/content.carib-export.com\/wp-content\/uploads\/2013\/03\/CE-Logo-2013.jpg\",\"contentUrl\":\"https:\/\/content.carib-export.com\/wp-content\/uploads\/2013\/03\/CE-Logo-2013.jpg\",\"width\":1024,\"height\":244,\"caption\":\"Agence carib\u00e9enne de d\u00e9veloppement des exportations\"},\"image\":{\"@id\":\"https:\/\/content.carib-export.com\/fr\/#\/schema\/logo\/image\/\"},\"sameAs\":[\"https:\/\/www.facebook.com\/CaribbeanExport\",\"https:\/\/x.com\/CaribXport\",\"https:\/\/www.instagram.com\/caribbeanexport\",\"https:\/\/www.linkedin.com\/company\/caribbeanexport\",\"https:\/\/www.youtube.com\/user\/TheCaribbeanExport\"]},{\"@type\":\"Person\",\"@id\":\"https:\/\/content.carib-export.com\/fr\/#\/schema\/person\/52e67161560047831f389d6f37260884\",\"name\":\"Deidre Brathwaite\",\"image\":{\"@type\":\"ImageObject\",\"inLanguage\":\"fr-FR\",\"@id\":\"https:\/\/content.carib-export.com\/fr\/#\/schema\/person\/image\/\",\"url\":\"https:\/\/content.carib-export.com\/wp-content\/uploads\/2025\/03\/cropped-Deidre-Brathwaite-Digital-and-Social-Media-Officer-2-96x96.png\",\"contentUrl\":\"https:\/\/content.carib-export.com\/wp-content\/uploads\/2025\/03\/cropped-Deidre-Brathwaite-Digital-and-Social-Media-Officer-2-96x96.png\",\"caption\":\"Deidre Brathwaite\"},\"description\":\"Deidre is the Digital and Social Media Officer at Caribbean Export Development Agency. She currently manages the Agency\u2019s digital presence. She is a foodie and loves to travel.\",\"sameAs\":[\"https:\/\/www.instagram.com\/deidrebrathwaite\/\",\"https:\/\/www.linkedin.com\/in\/deidrebrathwaite\/\",\"https:\/\/x.com\/https:\/\/twitter.com\/DkBInteractive\"],\"url\":\"https:\/\/content.carib-export.com\/fr\/author\/deidreb\/\"}]}<\/script>\n<!-- \/ Yoast SEO plugin. -->","yoast_head_json":{"title":"de Acc\u00e9l\u00e9rer l'action pour les femmes entrepreneurs des Cara\u00efbes - Exportation Cara\u00efbes","description":"En cette Journ\u00e9e internationale de la femme, acc\u00e9l\u00e9rons l'action pour les femmes entrepreneurs des Cara\u00efbes ! D\u00e9couvrez comment le GRIT renforce les entreprises dirig\u00e9es par des femmes.","robots":{"index":"index","follow":"follow","max-snippet":"max-snippet:-1","max-image-preview":"max-image-preview:large","max-video-preview":"max-video-preview:-1"},"canonical":"https:\/\/content.carib-export.com\/fr\/blog\/accelerating-action-for-caribbean-women-entrepreneurs\/","og_locale":"fr_FR","og_type":"article","og_title":"Acc\u00e9l\u00e9rer l'action pour les femmes entrepreneurs des Cara\u00efbes","og_description":"En cette Journ\u00e9e internationale de la femme, acc\u00e9l\u00e9rons l'action pour les femmes entrepreneurs des Cara\u00efbes ! D\u00e9couvrez comment le GRIT renforce les entreprises dirig\u00e9es par des femmes.","og_url":"https:\/\/content.carib-export.com\/fr\/blog\/accelerating-action-for-caribbean-women-entrepreneurs\/","og_site_name":"Exportation Cara\u00efbes","article_publisher":"https:\/\/www.facebook.com\/CaribbeanExport","article_published_time":"2025-03-08T12:00:00+00:00","article_modified_time":"2025-03-18T19:59:08+00:00","og_image":[{"url":"https:\/\/content.carib-export.com\/wp-content\/uploads\/2025\/03\/IWD-2025-Blog-Photo-1024x768.png","type":"","width":"","height":""}],"author":"Deidre Brathwaite","twitter_card":"summary_large_image","twitter_title":"Acc\u00e9l\u00e9rer l'action pour les femmes entrepreneurs des Cara\u00efbes","twitter_description":"En cette Journ\u00e9e internationale de la femme, acc\u00e9l\u00e9rons l'action pour les femmes entrepreneurs des Cara\u00efbes ! D\u00e9couvrez comment le GRIT renforce les entreprises dirig\u00e9es par des femmes.","twitter_image":"https:\/\/content.carib-export.com\/wp-content\/uploads\/2025\/03\/IWD-2025-Blog-Photo-1024x768.png","twitter_creator":"@https:\/\/twitter.com\/DkBInteractive","twitter_site":"@CaribXport","twitter_misc":{"\u00c9crit par":"Deidre Brathwaite","Dur\u00e9e de lecture estim\u00e9e":"3 minutes"},"schema":{"@context":"https:\/\/schema.org","@graph":[{"@type":"Article","@id":"https:\/\/content.carib-export.com\/fr\/blog\/accelerating-action-for-caribbean-women-entrepreneurs\/#article","isPartOf":{"@id":"https:\/\/content.carib-export.com\/fr\/blog\/accelerating-action-for-caribbean-women-entrepreneurs\/"},"author":{"name":"Deidre Brathwaite","@id":"https:\/\/content.carib-export.com\/fr\/#\/schema\/person\/52e67161560047831f389d6f37260884"},"headline":"Acc\u00e9l\u00e9rer l&rsquo;action pour les femmes entrepreneurs des Cara\u00efbes","datePublished":"2025-03-08T12:00:00+00:00","dateModified":"2025-03-18T19:59:08+00:00","mainEntityOfPage":{"@id":"https:\/\/content.carib-export.com\/fr\/blog\/accelerating-action-for-caribbean-women-entrepreneurs\/"},"wordCount":597,"publisher":{"@id":"https:\/\/content.carib-export.com\/fr\/#organization"},"image":{"@id":"https:\/\/content.carib-export.com\/fr\/blog\/accelerating-action-for-caribbean-women-entrepreneurs\/#primaryimage"},"thumbnailUrl":"https:\/\/content.carib-export.com\/wp-content\/uploads\/2025\/03\/IWD-2025-Blog-Photo.png","articleSection":["Blog"],"inLanguage":"fr-FR"},{"@type":"WebPage","@id":"https:\/\/content.carib-export.com\/fr\/blog\/accelerating-action-for-caribbean-women-entrepreneurs\/","url":"https:\/\/content.carib-export.com\/fr\/blog\/accelerating-action-for-caribbean-women-entrepreneurs\/","name":"de Acc\u00e9l\u00e9rer l'action pour les femmes entrepreneurs des Cara\u00efbes - Exportation Cara\u00efbes","isPartOf":{"@id":"https:\/\/content.carib-export.com\/fr\/#website"},"primaryImageOfPage":{"@id":"https:\/\/content.carib-export.com\/fr\/blog\/accelerating-action-for-caribbean-women-entrepreneurs\/#primaryimage"},"image":{"@id":"https:\/\/content.carib-export.com\/fr\/blog\/accelerating-action-for-caribbean-women-entrepreneurs\/#primaryimage"},"thumbnailUrl":"https:\/\/content.carib-export.com\/wp-content\/uploads\/2025\/03\/IWD-2025-Blog-Photo.png","datePublished":"2025-03-08T12:00:00+00:00","dateModified":"2025-03-18T19:59:08+00:00","description":"En cette Journ\u00e9e internationale de la femme, acc\u00e9l\u00e9rons l'action pour les femmes entrepreneurs des Cara\u00efbes ! D\u00e9couvrez comment le GRIT renforce les entreprises dirig\u00e9es par des femmes.","breadcrumb":{"@id":"https:\/\/content.carib-export.com\/fr\/blog\/accelerating-action-for-caribbean-women-entrepreneurs\/#breadcrumb"},"inLanguage":"fr-FR","potentialAction":[{"@type":"ReadAction","target":["https:\/\/content.carib-export.com\/fr\/blog\/accelerating-action-for-caribbean-women-entrepreneurs\/"]}]},{"@type":"ImageObject","inLanguage":"fr-FR","@id":"https:\/\/content.carib-export.com\/fr\/blog\/accelerating-action-for-caribbean-women-entrepreneurs\/#primaryimage","url":"https:\/\/content.carib-export.com\/wp-content\/uploads\/2025\/03\/IWD-2025-Blog-Photo.png","contentUrl":"https:\/\/content.carib-export.com\/wp-content\/uploads\/2025\/03\/IWD-2025-Blog-Photo.png","width":1500,"height":1125},{"@type":"BreadcrumbList","@id":"https:\/\/content.carib-export.com\/fr\/blog\/accelerating-action-for-caribbean-women-entrepreneurs\/#breadcrumb","itemListElement":[{"@type":"ListItem","position":1,"name":"Accueil","item":"https:\/\/content.carib-export.com\/fr\/home\/"},{"@type":"ListItem","position":2,"name":"Blog","item":"https:\/\/content.carib-export.com\/fr\/blog\/"},{"@type":"ListItem","position":3,"name":"Acc\u00e9l\u00e9rer l&rsquo;action pour les femmes entrepreneurs des Cara\u00efbes"}]},{"@type":"WebSite","@id":"https:\/\/content.carib-export.com\/fr\/#website","url":"https:\/\/content.carib-export.com\/fr\/","name":"Exportation Cara\u00efbes","description":"La seule agence r\u00e9gionale de promotion du commerce et des investissements du groupe Afrique, Cara\u00efbes et Pacifique.","publisher":{"@id":"https:\/\/content.carib-export.com\/fr\/#organization"},"potentialAction":[{"@type":"SearchAction","target":{"@type":"EntryPoint","urlTemplate":"https:\/\/content.carib-export.com\/fr\/?s={search_term_string}"},"query-input":{"@type":"PropertyValueSpecification","valueRequired":true,"valueName":"search_term_string"}}],"inLanguage":"fr-FR"},{"@type":"Organization","@id":"https:\/\/content.carib-export.com\/fr\/#organization","name":"Agence carib\u00e9enne de d\u00e9veloppement des exportations","url":"https:\/\/content.carib-export.com\/fr\/","logo":{"@type":"ImageObject","inLanguage":"fr-FR","@id":"https:\/\/content.carib-export.com\/fr\/#\/schema\/logo\/image\/","url":"https:\/\/content.carib-export.com\/wp-content\/uploads\/2013\/03\/CE-Logo-2013.jpg","contentUrl":"https:\/\/content.carib-export.com\/wp-content\/uploads\/2013\/03\/CE-Logo-2013.jpg","width":1024,"height":244,"caption":"Agence carib\u00e9enne de d\u00e9veloppement des exportations"},"image":{"@id":"https:\/\/content.carib-export.com\/fr\/#\/schema\/logo\/image\/"},"sameAs":["https:\/\/www.facebook.com\/CaribbeanExport","https:\/\/x.com\/CaribXport","https:\/\/www.instagram.com\/caribbeanexport","https:\/\/www.linkedin.com\/company\/caribbeanexport","https:\/\/www.youtube.com\/user\/TheCaribbeanExport"]},{"@type":"Person","@id":"https:\/\/content.carib-export.com\/fr\/#\/schema\/person\/52e67161560047831f389d6f37260884","name":"Deidre Brathwaite","image":{"@type":"ImageObject","inLanguage":"fr-FR","@id":"https:\/\/content.carib-export.com\/fr\/#\/schema\/person\/image\/","url":"https:\/\/content.carib-export.com\/wp-content\/uploads\/2025\/03\/cropped-Deidre-Brathwaite-Digital-and-Social-Media-Officer-2-96x96.png","contentUrl":"https:\/\/content.carib-export.com\/wp-content\/uploads\/2025\/03\/cropped-Deidre-Brathwaite-Digital-and-Social-Media-Officer-2-96x96.png","caption":"Deidre Brathwaite"},"description":"Deidre is the Digital and Social Media Officer at Caribbean Export Development Agency. She currently manages the Agency\u2019s digital presence. She is a foodie and loves to travel.","sameAs":["https:\/\/www.instagram.com\/deidrebrathwaite\/","https:\/\/www.linkedin.com\/in\/deidrebrathwaite\/","https:\/\/x.com\/https:\/\/twitter.com\/DkBInteractive"],"url":"https:\/\/content.carib-export.com\/fr\/author\/deidreb\/"}]}},"_links":{"self":[{"href":"https:\/\/content.carib-export.com\/fr\/wp-json\/wp\/v2\/posts\/377248","targetHints":{"allow":["GET"]}}],"collection":[{"href":"https:\/\/content.carib-export.com\/fr\/wp-json\/wp\/v2\/posts"}],"about":[{"href":"https:\/\/content.carib-export.com\/fr\/wp-json\/wp\/v2\/types\/post"}],"author":[{"embeddable":true,"href":"https:\/\/content.carib-export.com\/fr\/wp-json\/wp\/v2\/users\/9"}],"replies":[{"embeddable":true,"href":"https:\/\/content.carib-export.com\/fr\/wp-json\/wp\/v2\/comments?post=377248"}],"version-history":[{"count":0,"href":"https:\/\/content.carib-export.com\/fr\/wp-json\/wp\/v2\/posts\/377248\/revisions"}],"wp:featuredmedia":[{"embeddable":true,"href":"https:\/\/content.carib-export.com\/fr\/wp-json\/wp\/v2\/media\/377219"}],"wp:attachment":[{"href":"https:\/\/content.carib-export.com\/fr\/wp-json\/wp\/v2\/media?parent=377248"}],"wp:term":[{"taxonomy":"category","embeddable":true,"href":"https:\/\/content.carib-export.com\/fr\/wp-json\/wp\/v2\/categories?post=377248"},{"taxonomy":"post_tag","embeddable":true,"href":"https:\/\/content.carib-export.com\/fr\/wp-json\/wp\/v2\/tags?post=377248"}],"curies":[{"name":"wp","href":"https:\/\/api.w.org\/{rel}","templated":true}]}}