{"id":377626,"date":"2025-03-25T18:09:30","date_gmt":"2025-03-25T22:09:30","guid":{"rendered":"https:\/\/content.carib-export.com\/the-trade-and-business-forum\/"},"modified":"2025-03-25T18:22:57","modified_gmt":"2025-03-25T22:22:57","slug":"the-trade-and-business-forum","status":"publish","type":"post","link":"https:\/\/content.carib-export.com\/fr\/blog\/the-trade-and-business-forum\/","title":{"rendered":"Forum sur le commerce et les affaires : Lib\u00e9rer le r\u00f4le du secteur priv\u00e9 dans la transition verte des Cara\u00efbes"},"content":{"rendered":"<div id=\"bsf_rt_marker\"><\/div>\n<p>Le dialogue r\u00e9gional carib\u00e9en du Fonds vert pour le climat (FVC) s&rsquo;est achev\u00e9 vendredi dernier sur une note positive avec le forum sur le commerce et les affaires, une session qui a mis en lumi\u00e8re le r\u00f4le essentiel du secteur priv\u00e9 dans la r\u00e9silience climatique et la transformation \u00e9conomique. Dirig\u00e9 par Caribbean Export, ce forum a rassembl\u00e9 les principales parties prenantes afin d&rsquo;examiner comment le commerce et les entreprises peuvent favoriser la transition verte de la r\u00e9gion.  <\/p>\n\n<p>Le commerce des Cara\u00efbes \u00e9volue rapidement, le changement climatique et la durabilit\u00e9 cr\u00e9ant de nouvelles opportunit\u00e9s et de nouveaux d\u00e9fis. En 2023, la CARICOM a enregistr\u00e9 40,2 milliards de dollars d&rsquo;exportations et 49,6 milliards de dollars d&rsquo;importations, refl\u00e9tant un d\u00e9ficit commercial qui souligne la n\u00e9cessit\u00e9 d&rsquo;une plus grande r\u00e9silience \u00e9conomique. Damie Sinanan, directeur ex\u00e9cutif de Caribbean Export, a soulign\u00e9 l&rsquo;importance des MPME, qui repr\u00e9sentent 70 \u00e0 85 % des \u00e9conomies carib\u00e9ennes et jouent un r\u00f4le crucial dans la durabilit\u00e9 \u00e9conomique. Il a soulign\u00e9 les opportunit\u00e9s croissantes dans le commerce vert, en particulier dans l&rsquo;agriculture, l&rsquo;\u00e9nergie propre et la transformation num\u00e9rique, tout en notant le besoin pressant de modernisation de la cha\u00eene d&rsquo;approvisionnement, de production durable et d&rsquo;expansion du commerce intrar\u00e9gional pour rester comp\u00e9titif.    <\/p>\n\n<p>Les Cara\u00efbes disposent d&rsquo;un immense potentiel pour \u00eatre \u00e0 la pointe des industries durables, en particulier dans les domaines de l&rsquo;\u00e9nergie propre, des industries oc\u00e9aniques et de l&rsquo;\u00e9conomie bleue. Toutefois, les obstacles logistiques, les lacunes r\u00e9glementaires et les contraintes financi\u00e8res continuent d&rsquo;entraver les progr\u00e8s. Les discussions du forum se sont concentr\u00e9es sur le besoin urgent d&rsquo;une agriculture durable, la CARICOM ayant pour objectif de r\u00e9duire les importations alimentaires de 25 % d&rsquo;ici 2030, ce qui n\u00e9cessite des investissements importants dans l&rsquo;agriculture intelligente face au climat, l&rsquo;agriculture biologique et l&rsquo;adoption de technologies. L&rsquo;agriculture reste un employeur essentiel dans la r\u00e9gion, avec des taux d&#8217;emploi atteignant 30 % en Guyane, 25 % en Dominique et 18 % en Jama\u00efque. En outre, la transformation num\u00e9rique appara\u00eet comme un catalyseur crucial de l&rsquo;\u00e9conomie verte, avec des technologies telles que l&rsquo;IA, la blockchain et l&rsquo;IoT qui am\u00e9liorent l&rsquo;efficacit\u00e9 et la transparence du commerce.     <\/p>\n\n<p>L&rsquo;acc\u00e8s au financement vert reste un d\u00e9fi majeur, et les institutions financi\u00e8res, y compris la Republic Bank, la Belize Development Bank, le Fonds de d\u00e9veloppement de la CARICOM (CDF) et la Banque de d\u00e9veloppement des Cara\u00efbes (CDB), ont partag\u00e9 leurs id\u00e9es sur les instruments financiers innovants qui pourraient aider les entreprises \u00e0 passer \u00e0 des mod\u00e8les de commerce durable. Le secteur priv\u00e9 doit \u00eatre \u00e0 l&rsquo;avant-garde des efforts d&rsquo;adaptation et d&rsquo;att\u00e9nuation du climat. Les investissements strat\u00e9giques sont essentiels et les entreprises doivent tirer parti des possibilit\u00e9s de financement r\u00e9gionales et mondiales, y compris les m\u00e9canismes de financement du Fonds vert pour le climat fournis par l&rsquo;interm\u00e9diaire de partenaires accr\u00e9dit\u00e9s, afin d&rsquo;adopter des pratiques plus \u00e9cologiques. La r\u00e9forme r\u00e9glementaire est \u00e9galement essentielle, les gouvernements devant finaliser les politiques et les incitations qui encouragent les entreprises \u00e0 investir dans des industries durables. Le forum a soulign\u00e9 que la collaboration public-priv\u00e9 est essentielle, le secteur priv\u00e9 travaillant aux c\u00f4t\u00e9s des gouvernements, des institutions financi\u00e8res et des agences de d\u00e9veloppement pour acc\u00e9l\u00e9rer la transition verte.     <\/p>\n\n<p>L&rsquo;un des plus grands d\u00e9fis pour les entreprises des Cara\u00efbes est l&rsquo;acc\u00e8s \u00e0 un financement abordable et innovant pour les initiatives vertes. Le Fonds vert pour le climat (FVC) a pr\u00e9sent\u00e9 des \u00e9tudes de cas r\u00e9ussies, telles que le programme \u00ab\u00a0Accelerating Solar Action\u00a0\u00bb au Ghana et le \u00ab\u00a0Mirova Sustainable Land Fund\u00a0\u00bb, d\u00e9montrant comment le financement concessionnel peut stimuler l&rsquo;investissement du secteur priv\u00e9 dans la r\u00e9silience climatique. Les efforts visant \u00e0 fournir des options de financement suppl\u00e9mentaires ainsi que des strat\u00e9gies pour encourager la croissance des entreprises vertes ont \u00e9t\u00e9 explor\u00e9s. Les initiatives de Caribbean Export, y compris les subventions pour la transition verte, les audits \u00e9nerg\u00e9tiques verts et la formation \u00e0 la durabilit\u00e9, ont \u00e9t\u00e9 pr\u00e9sent\u00e9es comme des ressources cl\u00e9s pour les entreprises pr\u00eates \u00e0 s&rsquo;engager dans la voie de la durabilit\u00e9. En outre, le CDF a fait part d&rsquo;un certain nombre d&rsquo;initiatives actuellement mises en \u0153uvre pour offrir un meilleur acc\u00e8s au financement pour le secteur priv\u00e9.     <\/p>\n\n<p>\u00c0 l&rsquo;issue du forum, un message cl\u00e9 s&rsquo;est d\u00e9gag\u00e9 : il est temps d&rsquo;agir. Les entreprises doivent s&rsquo;engager dans la transition \u00e9cologique pour rester comp\u00e9titives dans l&rsquo;\u00e9conomie mondiale. Les gouvernements doivent mettre en \u0153uvre des politiques de soutien pour favoriser le commerce et l&rsquo;investissement dans les industries respectueuses du climat. Les institutions financi\u00e8res doivent d\u00e9velopper des solutions de financement vert afin d&rsquo;aider les entreprises \u00e0 intensifier leurs efforts en mati\u00e8re de durabilit\u00e9. La collaboration r\u00e9gionale est essentielle &#8211; les nations de la CARICOM doivent travailler ensemble pour cr\u00e9er un environnement favorable au commerce et \u00e0 l&rsquo;investissement durables.     <\/p>\n\n<p>Le forum sur le commerce et les affaires a ouvert la voie \u00e0 un engagement plus profond entre les dirigeants des secteurs public et priv\u00e9 pour stimuler la r\u00e9silience \u00e9conomique dans les Cara\u00efbes. Gr\u00e2ce au commerce, \u00e0 l&rsquo;investissement et aux partenariats, la r\u00e9gion peut non seulement s&rsquo;adapter au changement climatique, mais aussi prosp\u00e9rer dans l&rsquo;\u00e9conomie verte. Caribbean Export s&rsquo;engage \u00e0 renforcer les entreprises, \u00e0 d\u00e9bloquer les opportunit\u00e9s commerciales et \u00e0 favoriser un avenir \u00e9conomique durable pour la r\u00e9gion.   <\/p>\n","protected":false},"excerpt":{"rendered":"<p>Le dialogue r\u00e9gional carib\u00e9en du Fonds vert pour le climat (FVC) s&rsquo;est achev\u00e9 vendredi dernier sur une note positive avec le forum sur le commerce et les affaires, une session qui a mis en lumi\u00e8re le r\u00f4le essentiel du secteur priv\u00e9 dans la r\u00e9silience climatique et la transformation \u00e9conomique. Dirig\u00e9 par Caribbean Export, ce forum [&hellip;]<\/p>\n","protected":false},"author":10,"featured_media":377615,"comment_status":"closed","ping_status":"closed","sticky":false,"template":"","format":"standard","meta":{"_acf_changed":false,"inline_featured_image":false,"footnotes":""},"categories":[4509],"tags":[],"class_list":["post-377626","post","type-post","status-publish","format-standard","has-post-thumbnail","hentry","category-blog"],"acf":[],"yoast_head":"<!-- This site is optimized with the Yoast SEO plugin v27.1.1 - https:\/\/yoast.com\/product\/yoast-seo-wordpress\/ -->\n<title>de Forum sur le commerce et les affaires : Lib\u00e9rer le r\u00f4le du secteur priv\u00e9 dans la transition verte des Cara\u00efbes - Exportation Cara\u00efbes<\/title>\n<meta name=\"description\" content=\"Le dialogue r\u00e9gional carib\u00e9en du Fonds vert pour le climat (FVC) s&#039;est achev\u00e9 vendredi dernier sur une note positive avec le forum sur le commerce et les affaires, une session qui a mis en lumi\u00e8re le r\u00f4le essentiel du secteur priv\u00e9 dans la r\u00e9silience climatique et la transformation \u00e9conomique. Dirig\u00e9 par Caribbean Export, ce forum a rassembl\u00e9 les principales parties prenantes afin d&#039;examiner comment le commerce et les entreprises peuvent favoriser la transition verte de la r\u00e9gion.\" \/>\n<meta name=\"robots\" content=\"index, follow, max-snippet:-1, max-image-preview:large, max-video-preview:-1\" \/>\n<link rel=\"canonical\" href=\"https:\/\/content.carib-export.com\/fr\/blog\/the-trade-and-business-forum\/\" \/>\n<meta property=\"og:locale\" content=\"fr_FR\" \/>\n<meta property=\"og:type\" content=\"article\" \/>\n<meta property=\"og:title\" content=\"Forum sur le commerce et les affaires : Lib\u00e9rer le r\u00f4le du secteur priv\u00e9 dans la transition verte des Cara\u00efbes\" \/>\n<meta property=\"og:description\" content=\"Le dialogue r\u00e9gional carib\u00e9en du Fonds vert pour le climat (FVC) s&#039;est achev\u00e9 vendredi dernier sur une note positive avec le forum sur le commerce et les affaires, une session qui a mis en lumi\u00e8re le r\u00f4le essentiel du secteur priv\u00e9 dans la r\u00e9silience climatique et la transformation \u00e9conomique. Dirig\u00e9 par Caribbean Export, ce forum a rassembl\u00e9 les principales parties prenantes afin d&#039;examiner comment le commerce et les entreprises peuvent favoriser la transition verte de la r\u00e9gion.\" \/>\n<meta property=\"og:url\" content=\"https:\/\/content.carib-export.com\/fr\/blog\/the-trade-and-business-forum\/\" \/>\n<meta property=\"og:site_name\" content=\"Exportation Cara\u00efbes\" \/>\n<meta property=\"article:publisher\" content=\"https:\/\/www.facebook.com\/CaribbeanExport\" \/>\n<meta property=\"article:published_time\" content=\"2025-03-25T22:09:30+00:00\" \/>\n<meta property=\"article:modified_time\" content=\"2025-03-25T22:22:57+00:00\" \/>\n<meta property=\"og:image\" content=\"https:\/\/content.carib-export.com\/wp-content\/uploads\/2025\/03\/Website-Hero-Image-2-1024x576.png\" \/>\n<meta name=\"author\" content=\"JoEllen Laryea\" \/>\n<meta name=\"twitter:card\" content=\"summary_large_image\" \/>\n<meta name=\"twitter:title\" content=\"Forum sur le commerce et les affaires : Lib\u00e9rer le r\u00f4le du secteur priv\u00e9 dans la transition verte des Cara\u00efbes\" \/>\n<meta name=\"twitter:description\" content=\"Le dialogue r\u00e9gional carib\u00e9en du Fonds vert pour le climat (FVC) s&#039;est achev\u00e9 vendredi dernier sur une note positive avec le forum sur le commerce et les affaires, une session qui a mis en lumi\u00e8re le r\u00f4le essentiel du secteur priv\u00e9 dans la r\u00e9silience climatique et la transformation \u00e9conomique. Dirig\u00e9 par Caribbean Export, ce forum a rassembl\u00e9 les principales parties prenantes afin d&#039;examiner comment le commerce et les entreprises peuvent favoriser la transition verte de la r\u00e9gion.\" \/>\n<meta name=\"twitter:image\" content=\"https:\/\/content.carib-export.com\/wp-content\/uploads\/2025\/03\/Website-Hero-Image-2-1024x576.png\" \/>\n<meta name=\"twitter:creator\" content=\"@JoEllenLaryea\" \/>\n<meta name=\"twitter:site\" content=\"@CaribXport\" \/>\n<meta name=\"twitter:label1\" content=\"\u00c9crit par\" \/>\n\t<meta name=\"twitter:data1\" content=\"JoEllen Laryea\" \/>\n\t<meta name=\"twitter:label2\" content=\"Dur\u00e9e de lecture estim\u00e9e\" \/>\n\t<meta name=\"twitter:data2\" content=\"5 minutes\" \/>\n<script type=\"application\/ld+json\" class=\"yoast-schema-graph\">{\"@context\":\"https:\/\/schema.org\",\"@graph\":[{\"@type\":\"Article\",\"@id\":\"https:\/\/content.carib-export.com\/fr\/blog\/the-trade-and-business-forum\/#article\",\"isPartOf\":{\"@id\":\"https:\/\/content.carib-export.com\/fr\/blog\/the-trade-and-business-forum\/\"},\"author\":{\"name\":\"JoEllen Laryea\",\"@id\":\"https:\/\/content.carib-export.com\/fr\/#\/schema\/person\/216a73591d0aad2b1a260bf23de750f3\"},\"headline\":\"Forum sur le commerce et les affaires : Lib\u00e9rer le r\u00f4le du secteur priv\u00e9 dans la transition verte des Cara\u00efbes\",\"datePublished\":\"2025-03-25T22:09:30+00:00\",\"dateModified\":\"2025-03-25T22:22:57+00:00\",\"mainEntityOfPage\":{\"@id\":\"https:\/\/content.carib-export.com\/fr\/blog\/the-trade-and-business-forum\/\"},\"wordCount\":937,\"publisher\":{\"@id\":\"https:\/\/content.carib-export.com\/fr\/#organization\"},\"image\":{\"@id\":\"https:\/\/content.carib-export.com\/fr\/blog\/the-trade-and-business-forum\/#primaryimage\"},\"thumbnailUrl\":\"https:\/\/content.carib-export.com\/wp-content\/uploads\/2025\/03\/Website-Hero-Image-2.png\",\"articleSection\":[\"Blog\"],\"inLanguage\":\"fr-FR\"},{\"@type\":\"WebPage\",\"@id\":\"https:\/\/content.carib-export.com\/fr\/blog\/the-trade-and-business-forum\/\",\"url\":\"https:\/\/content.carib-export.com\/fr\/blog\/the-trade-and-business-forum\/\",\"name\":\"de Forum sur le commerce et les affaires : Lib\u00e9rer le r\u00f4le du secteur priv\u00e9 dans la transition verte des Cara\u00efbes - Exportation Cara\u00efbes\",\"isPartOf\":{\"@id\":\"https:\/\/content.carib-export.com\/fr\/#website\"},\"primaryImageOfPage\":{\"@id\":\"https:\/\/content.carib-export.com\/fr\/blog\/the-trade-and-business-forum\/#primaryimage\"},\"image\":{\"@id\":\"https:\/\/content.carib-export.com\/fr\/blog\/the-trade-and-business-forum\/#primaryimage\"},\"thumbnailUrl\":\"https:\/\/content.carib-export.com\/wp-content\/uploads\/2025\/03\/Website-Hero-Image-2.png\",\"datePublished\":\"2025-03-25T22:09:30+00:00\",\"dateModified\":\"2025-03-25T22:22:57+00:00\",\"description\":\"Le dialogue r\u00e9gional carib\u00e9en du Fonds vert pour le climat (FVC) s'est achev\u00e9 vendredi dernier sur une note positive avec le forum sur le commerce et les affaires, une session qui a mis en lumi\u00e8re le r\u00f4le essentiel du secteur priv\u00e9 dans la r\u00e9silience climatique et la transformation \u00e9conomique. Dirig\u00e9 par Caribbean Export, ce forum a rassembl\u00e9 les principales parties prenantes afin d'examiner comment le commerce et les entreprises peuvent favoriser la transition verte de la r\u00e9gion.\",\"breadcrumb\":{\"@id\":\"https:\/\/content.carib-export.com\/fr\/blog\/the-trade-and-business-forum\/#breadcrumb\"},\"inLanguage\":\"fr-FR\",\"potentialAction\":[{\"@type\":\"ReadAction\",\"target\":[\"https:\/\/content.carib-export.com\/fr\/blog\/the-trade-and-business-forum\/\"]}]},{\"@type\":\"ImageObject\",\"inLanguage\":\"fr-FR\",\"@id\":\"https:\/\/content.carib-export.com\/fr\/blog\/the-trade-and-business-forum\/#primaryimage\",\"url\":\"https:\/\/content.carib-export.com\/wp-content\/uploads\/2025\/03\/Website-Hero-Image-2.png\",\"contentUrl\":\"https:\/\/content.carib-export.com\/wp-content\/uploads\/2025\/03\/Website-Hero-Image-2.png\",\"width\":1800,\"height\":1012},{\"@type\":\"BreadcrumbList\",\"@id\":\"https:\/\/content.carib-export.com\/fr\/blog\/the-trade-and-business-forum\/#breadcrumb\",\"itemListElement\":[{\"@type\":\"ListItem\",\"position\":1,\"name\":\"Accueil\",\"item\":\"https:\/\/content.carib-export.com\/fr\/home\/\"},{\"@type\":\"ListItem\",\"position\":2,\"name\":\"Blog\",\"item\":\"https:\/\/content.carib-export.com\/fr\/blog\/\"},{\"@type\":\"ListItem\",\"position\":3,\"name\":\"Forum sur le commerce et les affaires : Lib\u00e9rer le r\u00f4le du secteur priv\u00e9 dans la transition verte des Cara\u00efbes\"}]},{\"@type\":\"WebSite\",\"@id\":\"https:\/\/content.carib-export.com\/fr\/#website\",\"url\":\"https:\/\/content.carib-export.com\/fr\/\",\"name\":\"Exportation Cara\u00efbes\",\"description\":\"La seule agence r\u00e9gionale de promotion du commerce et des investissements du groupe Afrique, Cara\u00efbes et Pacifique.\",\"publisher\":{\"@id\":\"https:\/\/content.carib-export.com\/fr\/#organization\"},\"potentialAction\":[{\"@type\":\"SearchAction\",\"target\":{\"@type\":\"EntryPoint\",\"urlTemplate\":\"https:\/\/content.carib-export.com\/fr\/?s={search_term_string}\"},\"query-input\":{\"@type\":\"PropertyValueSpecification\",\"valueRequired\":true,\"valueName\":\"search_term_string\"}}],\"inLanguage\":\"fr-FR\"},{\"@type\":\"Organization\",\"@id\":\"https:\/\/content.carib-export.com\/fr\/#organization\",\"name\":\"Agence carib\u00e9enne de d\u00e9veloppement des exportations\",\"url\":\"https:\/\/content.carib-export.com\/fr\/\",\"logo\":{\"@type\":\"ImageObject\",\"inLanguage\":\"fr-FR\",\"@id\":\"https:\/\/content.carib-export.com\/fr\/#\/schema\/logo\/image\/\",\"url\":\"https:\/\/content.carib-export.com\/wp-content\/uploads\/2013\/03\/CE-Logo-2013.jpg\",\"contentUrl\":\"https:\/\/content.carib-export.com\/wp-content\/uploads\/2013\/03\/CE-Logo-2013.jpg\",\"width\":1024,\"height\":244,\"caption\":\"Agence carib\u00e9enne de d\u00e9veloppement des exportations\"},\"image\":{\"@id\":\"https:\/\/content.carib-export.com\/fr\/#\/schema\/logo\/image\/\"},\"sameAs\":[\"https:\/\/www.facebook.com\/CaribbeanExport\",\"https:\/\/x.com\/CaribXport\",\"https:\/\/www.instagram.com\/caribbeanexport\",\"https:\/\/www.linkedin.com\/company\/caribbeanexport\",\"https:\/\/www.youtube.com\/user\/TheCaribbeanExport\"]},{\"@type\":\"Person\",\"@id\":\"https:\/\/content.carib-export.com\/fr\/#\/schema\/person\/216a73591d0aad2b1a260bf23de750f3\",\"name\":\"JoEllen Laryea\",\"image\":{\"@type\":\"ImageObject\",\"inLanguage\":\"fr-FR\",\"@id\":\"https:\/\/content.carib-export.com\/fr\/#\/schema\/person\/image\/\",\"url\":\"https:\/\/content.carib-export.com\/wp-content\/uploads\/2025\/03\/cropped-JoEllen-Laryea-2020-96x96.png\",\"contentUrl\":\"https:\/\/content.carib-export.com\/wp-content\/uploads\/2025\/03\/cropped-JoEllen-Laryea-2020-96x96.png\",\"caption\":\"JoEllen Laryea\"},\"description\":\"JoEllen is the Manager (Ag) for Partnerships, Advocacy and Reporting with Caribbean Export and manages all aspects of the Agency's communications within her portfolio.\",\"sameAs\":[\"https:\/\/www.linkedin.com\/in\/joellen-laryea-b440711\/\",\"https:\/\/x.com\/JoEllenLaryea\"],\"url\":\"https:\/\/content.carib-export.com\/fr\/author\/joellenl\/\"}]}<\/script>\n<!-- \/ Yoast SEO plugin. -->","yoast_head_json":{"title":"de Forum sur le commerce et les affaires : Lib\u00e9rer le r\u00f4le du secteur priv\u00e9 dans la transition verte des Cara\u00efbes - Exportation Cara\u00efbes","description":"Le dialogue r\u00e9gional carib\u00e9en du Fonds vert pour le climat (FVC) s'est achev\u00e9 vendredi dernier sur une note positive avec le forum sur le commerce et les affaires, une session qui a mis en lumi\u00e8re le r\u00f4le essentiel du secteur priv\u00e9 dans la r\u00e9silience climatique et la transformation \u00e9conomique. Dirig\u00e9 par Caribbean Export, ce forum a rassembl\u00e9 les principales parties prenantes afin d'examiner comment le commerce et les entreprises peuvent favoriser la transition verte de la r\u00e9gion.","robots":{"index":"index","follow":"follow","max-snippet":"max-snippet:-1","max-image-preview":"max-image-preview:large","max-video-preview":"max-video-preview:-1"},"canonical":"https:\/\/content.carib-export.com\/fr\/blog\/the-trade-and-business-forum\/","og_locale":"fr_FR","og_type":"article","og_title":"Forum sur le commerce et les affaires : Lib\u00e9rer le r\u00f4le du secteur priv\u00e9 dans la transition verte des Cara\u00efbes","og_description":"Le dialogue r\u00e9gional carib\u00e9en du Fonds vert pour le climat (FVC) s'est achev\u00e9 vendredi dernier sur une note positive avec le forum sur le commerce et les affaires, une session qui a mis en lumi\u00e8re le r\u00f4le essentiel du secteur priv\u00e9 dans la r\u00e9silience climatique et la transformation \u00e9conomique. Dirig\u00e9 par Caribbean Export, ce forum a rassembl\u00e9 les principales parties prenantes afin d'examiner comment le commerce et les entreprises peuvent favoriser la transition verte de la r\u00e9gion.","og_url":"https:\/\/content.carib-export.com\/fr\/blog\/the-trade-and-business-forum\/","og_site_name":"Exportation Cara\u00efbes","article_publisher":"https:\/\/www.facebook.com\/CaribbeanExport","article_published_time":"2025-03-25T22:09:30+00:00","article_modified_time":"2025-03-25T22:22:57+00:00","og_image":[{"url":"https:\/\/content.carib-export.com\/wp-content\/uploads\/2025\/03\/Website-Hero-Image-2-1024x576.png","type":"","width":"","height":""}],"author":"JoEllen Laryea","twitter_card":"summary_large_image","twitter_title":"Forum sur le commerce et les affaires : Lib\u00e9rer le r\u00f4le du secteur priv\u00e9 dans la transition verte des Cara\u00efbes","twitter_description":"Le dialogue r\u00e9gional carib\u00e9en du Fonds vert pour le climat (FVC) s'est achev\u00e9 vendredi dernier sur une note positive avec le forum sur le commerce et les affaires, une session qui a mis en lumi\u00e8re le r\u00f4le essentiel du secteur priv\u00e9 dans la r\u00e9silience climatique et la transformation \u00e9conomique. Dirig\u00e9 par Caribbean Export, ce forum a rassembl\u00e9 les principales parties prenantes afin d'examiner comment le commerce et les entreprises peuvent favoriser la transition verte de la r\u00e9gion.","twitter_image":"https:\/\/content.carib-export.com\/wp-content\/uploads\/2025\/03\/Website-Hero-Image-2-1024x576.png","twitter_creator":"@JoEllenLaryea","twitter_site":"@CaribXport","twitter_misc":{"\u00c9crit par":"JoEllen Laryea","Dur\u00e9e de lecture estim\u00e9e":"5 minutes"},"schema":{"@context":"https:\/\/schema.org","@graph":[{"@type":"Article","@id":"https:\/\/content.carib-export.com\/fr\/blog\/the-trade-and-business-forum\/#article","isPartOf":{"@id":"https:\/\/content.carib-export.com\/fr\/blog\/the-trade-and-business-forum\/"},"author":{"name":"JoEllen Laryea","@id":"https:\/\/content.carib-export.com\/fr\/#\/schema\/person\/216a73591d0aad2b1a260bf23de750f3"},"headline":"Forum sur le commerce et les affaires : Lib\u00e9rer le r\u00f4le du secteur priv\u00e9 dans la transition verte des Cara\u00efbes","datePublished":"2025-03-25T22:09:30+00:00","dateModified":"2025-03-25T22:22:57+00:00","mainEntityOfPage":{"@id":"https:\/\/content.carib-export.com\/fr\/blog\/the-trade-and-business-forum\/"},"wordCount":937,"publisher":{"@id":"https:\/\/content.carib-export.com\/fr\/#organization"},"image":{"@id":"https:\/\/content.carib-export.com\/fr\/blog\/the-trade-and-business-forum\/#primaryimage"},"thumbnailUrl":"https:\/\/content.carib-export.com\/wp-content\/uploads\/2025\/03\/Website-Hero-Image-2.png","articleSection":["Blog"],"inLanguage":"fr-FR"},{"@type":"WebPage","@id":"https:\/\/content.carib-export.com\/fr\/blog\/the-trade-and-business-forum\/","url":"https:\/\/content.carib-export.com\/fr\/blog\/the-trade-and-business-forum\/","name":"de Forum sur le commerce et les affaires : Lib\u00e9rer le r\u00f4le du secteur priv\u00e9 dans la transition verte des Cara\u00efbes - Exportation Cara\u00efbes","isPartOf":{"@id":"https:\/\/content.carib-export.com\/fr\/#website"},"primaryImageOfPage":{"@id":"https:\/\/content.carib-export.com\/fr\/blog\/the-trade-and-business-forum\/#primaryimage"},"image":{"@id":"https:\/\/content.carib-export.com\/fr\/blog\/the-trade-and-business-forum\/#primaryimage"},"thumbnailUrl":"https:\/\/content.carib-export.com\/wp-content\/uploads\/2025\/03\/Website-Hero-Image-2.png","datePublished":"2025-03-25T22:09:30+00:00","dateModified":"2025-03-25T22:22:57+00:00","description":"Le dialogue r\u00e9gional carib\u00e9en du Fonds vert pour le climat (FVC) s'est achev\u00e9 vendredi dernier sur une note positive avec le forum sur le commerce et les affaires, une session qui a mis en lumi\u00e8re le r\u00f4le essentiel du secteur priv\u00e9 dans la r\u00e9silience climatique et la transformation \u00e9conomique. Dirig\u00e9 par Caribbean Export, ce forum a rassembl\u00e9 les principales parties prenantes afin d'examiner comment le commerce et les entreprises peuvent favoriser la transition verte de la r\u00e9gion.","breadcrumb":{"@id":"https:\/\/content.carib-export.com\/fr\/blog\/the-trade-and-business-forum\/#breadcrumb"},"inLanguage":"fr-FR","potentialAction":[{"@type":"ReadAction","target":["https:\/\/content.carib-export.com\/fr\/blog\/the-trade-and-business-forum\/"]}]},{"@type":"ImageObject","inLanguage":"fr-FR","@id":"https:\/\/content.carib-export.com\/fr\/blog\/the-trade-and-business-forum\/#primaryimage","url":"https:\/\/content.carib-export.com\/wp-content\/uploads\/2025\/03\/Website-Hero-Image-2.png","contentUrl":"https:\/\/content.carib-export.com\/wp-content\/uploads\/2025\/03\/Website-Hero-Image-2.png","width":1800,"height":1012},{"@type":"BreadcrumbList","@id":"https:\/\/content.carib-export.com\/fr\/blog\/the-trade-and-business-forum\/#breadcrumb","itemListElement":[{"@type":"ListItem","position":1,"name":"Accueil","item":"https:\/\/content.carib-export.com\/fr\/home\/"},{"@type":"ListItem","position":2,"name":"Blog","item":"https:\/\/content.carib-export.com\/fr\/blog\/"},{"@type":"ListItem","position":3,"name":"Forum sur le commerce et les affaires : Lib\u00e9rer le r\u00f4le du secteur priv\u00e9 dans la transition verte des Cara\u00efbes"}]},{"@type":"WebSite","@id":"https:\/\/content.carib-export.com\/fr\/#website","url":"https:\/\/content.carib-export.com\/fr\/","name":"Exportation Cara\u00efbes","description":"La seule agence r\u00e9gionale de promotion du commerce et des investissements du groupe Afrique, Cara\u00efbes et Pacifique.","publisher":{"@id":"https:\/\/content.carib-export.com\/fr\/#organization"},"potentialAction":[{"@type":"SearchAction","target":{"@type":"EntryPoint","urlTemplate":"https:\/\/content.carib-export.com\/fr\/?s={search_term_string}"},"query-input":{"@type":"PropertyValueSpecification","valueRequired":true,"valueName":"search_term_string"}}],"inLanguage":"fr-FR"},{"@type":"Organization","@id":"https:\/\/content.carib-export.com\/fr\/#organization","name":"Agence carib\u00e9enne de d\u00e9veloppement des exportations","url":"https:\/\/content.carib-export.com\/fr\/","logo":{"@type":"ImageObject","inLanguage":"fr-FR","@id":"https:\/\/content.carib-export.com\/fr\/#\/schema\/logo\/image\/","url":"https:\/\/content.carib-export.com\/wp-content\/uploads\/2013\/03\/CE-Logo-2013.jpg","contentUrl":"https:\/\/content.carib-export.com\/wp-content\/uploads\/2013\/03\/CE-Logo-2013.jpg","width":1024,"height":244,"caption":"Agence carib\u00e9enne de d\u00e9veloppement des exportations"},"image":{"@id":"https:\/\/content.carib-export.com\/fr\/#\/schema\/logo\/image\/"},"sameAs":["https:\/\/www.facebook.com\/CaribbeanExport","https:\/\/x.com\/CaribXport","https:\/\/www.instagram.com\/caribbeanexport","https:\/\/www.linkedin.com\/company\/caribbeanexport","https:\/\/www.youtube.com\/user\/TheCaribbeanExport"]},{"@type":"Person","@id":"https:\/\/content.carib-export.com\/fr\/#\/schema\/person\/216a73591d0aad2b1a260bf23de750f3","name":"JoEllen Laryea","image":{"@type":"ImageObject","inLanguage":"fr-FR","@id":"https:\/\/content.carib-export.com\/fr\/#\/schema\/person\/image\/","url":"https:\/\/content.carib-export.com\/wp-content\/uploads\/2025\/03\/cropped-JoEllen-Laryea-2020-96x96.png","contentUrl":"https:\/\/content.carib-export.com\/wp-content\/uploads\/2025\/03\/cropped-JoEllen-Laryea-2020-96x96.png","caption":"JoEllen Laryea"},"description":"JoEllen is the Manager (Ag) for Partnerships, Advocacy and Reporting with Caribbean Export and manages all aspects of the Agency's communications within her portfolio.","sameAs":["https:\/\/www.linkedin.com\/in\/joellen-laryea-b440711\/","https:\/\/x.com\/JoEllenLaryea"],"url":"https:\/\/content.carib-export.com\/fr\/author\/joellenl\/"}]}},"_links":{"self":[{"href":"https:\/\/content.carib-export.com\/fr\/wp-json\/wp\/v2\/posts\/377626","targetHints":{"allow":["GET"]}}],"collection":[{"href":"https:\/\/content.carib-export.com\/fr\/wp-json\/wp\/v2\/posts"}],"about":[{"href":"https:\/\/content.carib-export.com\/fr\/wp-json\/wp\/v2\/types\/post"}],"author":[{"embeddable":true,"href":"https:\/\/content.carib-export.com\/fr\/wp-json\/wp\/v2\/users\/10"}],"replies":[{"embeddable":true,"href":"https:\/\/content.carib-export.com\/fr\/wp-json\/wp\/v2\/comments?post=377626"}],"version-history":[{"count":0,"href":"https:\/\/content.carib-export.com\/fr\/wp-json\/wp\/v2\/posts\/377626\/revisions"}],"wp:featuredmedia":[{"embeddable":true,"href":"https:\/\/content.carib-export.com\/fr\/wp-json\/wp\/v2\/media\/377615"}],"wp:attachment":[{"href":"https:\/\/content.carib-export.com\/fr\/wp-json\/wp\/v2\/media?parent=377626"}],"wp:term":[{"taxonomy":"category","embeddable":true,"href":"https:\/\/content.carib-export.com\/fr\/wp-json\/wp\/v2\/categories?post=377626"},{"taxonomy":"post_tag","embeddable":true,"href":"https:\/\/content.carib-export.com\/fr\/wp-json\/wp\/v2\/tags?post=377626"}],"curies":[{"name":"wp","href":"https:\/\/api.w.org\/{rel}","templated":true}]}}